{"id":9258,"date":"2023-05-10T14:11:36","date_gmt":"2023-05-10T14:11:36","guid":{"rendered":"http:\/\/doku-harxheim.de\/gewurztraminer"},"modified":"2023-08-28T16:51:29","modified_gmt":"2023-08-28T16:51:29","slug":"gewurztraminer","status":"publish","type":"post","link":"https:\/\/doku-harxheim.de\/fr\/gewurztraminer","title":{"rendered":"Gewurztraminer"},"content":{"rendered":"<p>[et_pb_section fb_built=\u00a0\u00bb1&Prime; _builder_version=\u00a0\u00bb4.16&Prime; min_height=\u00a0\u00bb151px\u00a0\u00bb custom_margin=\u00a0\u00bb||||false|false\u00a0\u00bb custom_padding=\u00a0\u00bb0px||6px||false|false\u00a0\u00bb global_colors_info=\u00a0\u00bb{}\u00a0\u00bb][et_pb_row _builder_version=\u00a0\u00bb4.16&Prime; custom_margin=\u00a0\u00bb||||false|false\u00a0\u00bb custom_padding=\u00a0\u00bb0px||||false|false\u00a0\u00bb global_colors_info=\u00a0\u00bb{}\u00a0\u00bb][et_pb_column type=\u00a0\u00bb4_4&Prime; _builder_version=\u00a0\u00bb4.16&Prime; global_colors_info=\u00a0\u00bb{}\u00a0\u00bb][et_pb_post_title title=\u00a0\u00bboff\u00a0\u00bb categories=\u00a0\u00bboff\u00a0\u00bb comments=\u00a0\u00bboff\u00a0\u00bb featured_image=\u00a0\u00bboff\u00a0\u00bb _builder_version=\u00a0\u00bb4.16&Prime; meta_font=\u00a0\u00bb|700||on|||||\u00a0\u00bb meta_text_color=\u00a0\u00bbgcid-1ba3a96e-9d31-4f54-aae7-420968453e89&Prime; meta_font_size=\u00a0\u00bb12px\u00a0\u00bb meta_letter_spacing=\u00a0\u00bb1px\u00a0\u00bb global_colors_info=\u00a0\u00bb{%22gcid-1ba3a96e-9d31-4f54-aae7-420968453e89%22:%91%22meta_text_color%22%93}\u00a0\u00bb custom_margin=\u00a0\u00bb||3px|||\u00a0\u00bb][\/et_pb_post_title][et_pb_post_title meta=\u00a0\u00bboff\u00a0\u00bb featured_image=\u00a0\u00bboff\u00a0\u00bb _builder_version=\u00a0\u00bb4.16&Prime; title_font=\u00a0\u00bbMontserrat|700|||||||\u00a0\u00bb title_font_size=\u00a0\u00bb50px\u00a0\u00bb title_line_height=\u00a0\u00bb1.2em\u00a0\u00bb custom_margin=\u00a0\u00bb||-16px|||\u00a0\u00bb title_font_size_tablet=\u00a0\u00bb50px\u00a0\u00bb title_font_size_phone=\u00a0\u00bb24px\u00a0\u00bb title_font_size_last_edited=\u00a0\u00bbon|desktop\u00a0\u00bb locked=\u00a0\u00bboff\u00a0\u00bb global_colors_info=\u00a0\u00bb{}\u00a0\u00bb][\/et_pb_post_title][\/et_pb_column][\/et_pb_row][et_pb_row _builder_version=\u00a0\u00bb4.16&Prime; _module_preset=\u00a0\u00bbdefault\u00a0\u00bb global_colors_info=\u00a0\u00bb{}\u00a0\u00bb custom_padding=\u00a0\u00bb5px|||||\u00a0\u00bb][et_pb_column type=\u00a0\u00bb4_4&Prime; _builder_version=\u00a0\u00bb4.16&Prime; _module_preset=\u00a0\u00bbdefault\u00a0\u00bb global_colors_info=\u00a0\u00bb{}\u00a0\u00bb][et_pb_text _builder_version=\u00a0\u00bb4.21.0&Prime; _module_preset=\u00a0\u00bbdefault\u00a0\u00bb header_2_font_size=\u00a0\u00bb19px\u00a0\u00bb global_colors_info=\u00a0\u00bb{}\u00a0\u00bb]<\/p>\n<h4><em>Ce c\u00e9page s\u00e9culaire est capable de produire des vins nobles m\u00eame dans les ann\u00e9es difficiles gr\u00e2ce \u00e0 de faibles rendements.<\/em><\/h4>\n<p>[\/et_pb_text][\/et_pb_column][\/et_pb_row][et_pb_row _builder_version=\u00a0\u00bb4.19.5&Prime; _module_preset=\u00a0\u00bbdefault\u00a0\u00bb custom_margin=\u00a0\u00bb|auto|-1px|auto||\u00a0\u00bb custom_padding=\u00a0\u00bb||1px|||\u00a0\u00bb global_colors_info=\u00a0\u00bb{}\u00a0\u00bb][et_pb_column type=\u00a0\u00bb4_4&Prime; _builder_version=\u00a0\u00bb4.19.5&Prime; _module_preset=\u00a0\u00bbdefault\u00a0\u00bb global_colors_info=\u00a0\u00bb{}\u00a0\u00bb][et_pb_text _builder_version=\u00a0\u00bb4.21.0&Prime; _module_preset=\u00a0\u00bbdefault\u00a0\u00bb custom_margin=\u00a0\u00bb||-3px|||\u00a0\u00bb global_colors_info=\u00a0\u00bb{}\u00a0\u00bb]<\/p>\n<h4>Importance de<\/h4>\n<p>[\/et_pb_text][et_pb_text _builder_version=\u00a0\u00bb4.21.0&Prime; _module_preset=\u00a0\u00bbdefault\u00a0\u00bb global_colors_info=\u00a0\u00bb{}\u00a0\u00bb]<\/p>\n<p><span style=\"font-size: 11.0pt; font-family: 'Arial',sans-serif;\">En Hesse rh\u00e9nane, 225 ha* (1%) sont actuellement plant\u00e9s de Gew\u00fcrztraminer. Ce chiffre est rest\u00e9 relativement constant au cours des derni\u00e8res d\u00e9cennies. Cela se voit au fait que &#8211; lorsqu&rsquo;un vignoble de gewurztraminer est arrach\u00e9 &#8211; un autre vignoble de ce c\u00e9page est toujours replant\u00e9. C&rsquo;est \u00e9galement le cas \u00e0 Harxheim : en 2001, 1,2 ha* (1,5%) \u00e9taient plant\u00e9s de gewurztraminer chez nous, et 1,3 ha* (1,6%) en 2021. <o:p><\/o:p><\/span><\/p>\n<p>[\/et_pb_text][\/et_pb_column][\/et_pb_row][et_pb_row _builder_version=\u00a0\u00bb4.21.0&Prime; _module_preset=\u00a0\u00bbdefault\u00a0\u00bb global_colors_info=\u00a0\u00bb{}\u00a0\u00bb][et_pb_column type=\u00a0\u00bb4_4&Prime; _builder_version=\u00a0\u00bb4.21.0&Prime; _module_preset=\u00a0\u00bbdefault\u00a0\u00bb global_colors_info=\u00a0\u00bb{}\u00a0\u00bb][et_pb_text _builder_version=\u00a0\u00bb4.21.0&Prime; _module_preset=\u00a0\u00bbdefault\u00a0\u00bb custom_margin=\u00a0\u00bb||-3px|||\u00a0\u00bb global_colors_info=\u00a0\u00bb{}\u00a0\u00bb]<\/p>\n<h4>Historique<\/h4>\n<p>[\/et_pb_text][et_pb_text _builder_version=\u00a0\u00bb4.21.0&Prime; _module_preset=\u00a0\u00bbdefault\u00a0\u00bb global_colors_info=\u00a0\u00bb{}\u00a0\u00bb]<\/p>\n<p><span style=\"font-size: 11.0pt; font-family: 'Arial',sans-serif;\">L&rsquo;origine du Gewurztraminer n&rsquo;est pas \u00e9tablie avec certitude. Elle est probablement originaire du sud-est de l&rsquo;Europe, peut-\u00eatre aussi d&rsquo;\u00c9gypte. Le village viticole de Tramin, dans le Tyrol du Sud, pourrait \u00eatre \u00e0 l&rsquo;origine de ce nom. Ce qui est s\u00fbr, c&rsquo;est que les Tyroliens du Sud ont d\u00e9j\u00e0 Les premiers vins de ce c\u00e9page furent livr\u00e9s aux monast\u00e8res locaux comme vin de messe aux XVe et XVIe si\u00e8cles. D&rsquo;anciens documents prouvent qu&rsquo;en Allemagne, d\u00e8s le La culture du Gewurztraminer a \u00e9t\u00e9 recommand\u00e9e aux XVIe et XVIIe si\u00e8cles. Dans le Palatinat, il existe encore aujourd&rsquo;hui un vignoble vieux de 400 ans plant\u00e9 de Gewurztraminer. Si l&rsquo;on compare les rendements de ce c\u00e9page sur plusieurs ann\u00e9es, on constate qu&rsquo;en moyenne, le rendement est inf\u00e9rieur au maximum autoris\u00e9. Les faibles rendements indiquent que le Gewurztraminer est un c\u00e9page de tr\u00e8s haute qualit\u00e9. <o:p><\/o:p><\/span><\/p>\n<p>[\/et_pb_text][\/et_pb_column][\/et_pb_row][et_pb_row _builder_version=\u00a0\u00bb4.21.0&Prime; _module_preset=\u00a0\u00bbdefault\u00a0\u00bb global_colors_info=\u00a0\u00bb{}\u00a0\u00bb custom_padding=\u00a0\u00bb5px|||||\u00a0\u00bb][et_pb_column type=\u00a0\u00bb4_4&Prime; _builder_version=\u00a0\u00bb4.21.0&Prime; _module_preset=\u00a0\u00bbdefault\u00a0\u00bb global_colors_info=\u00a0\u00bb{}\u00a0\u00bb][et_pb_text _builder_version=\u00a0\u00bb4.21.0&Prime; _module_preset=\u00a0\u00bbdefault\u00a0\u00bb custom_margin=\u00a0\u00bb||-3px|||\u00a0\u00bb global_colors_info=\u00a0\u00bb{}\u00a0\u00bb]<\/p>\n<h4>Vinification<\/h4>\n<p>[\/et_pb_text][et_pb_text _builder_version=\u00a0\u00bb4.21.0&Prime; _module_preset=\u00a0\u00bbdefault\u00a0\u00bb global_colors_info=\u00a0\u00bb{}\u00a0\u00bb]<\/p>\n<p><span style=\"font-size: 11.0pt; font-family: 'Arial',sans-serif;\">Les baies du gewurztraminer ont une couleur jaune \u00e0 rouge\u00e2tre et font partie des vari\u00e9t\u00e9s de vin blanc. Il a une peau de baie tr\u00e8s \u00e9paisse. Les vins issus du c\u00e9page Gewurztraminer ont une acidit\u00e9 relativement douce. Ce c\u00e9page est capable d&rsquo;obtenir des poids de mo\u00fbt \u00e9lev\u00e9s, m\u00eame dans les mill\u00e9simes difficiles. Les vins de Gewurztraminer ont une couleur allant du jaune paille au jaune dor\u00e9. Selon le type d&rsquo;\u00e9levage, ils se distinguent par un parfum discret \u00e0 large, qui rappelle aux amateurs les roses en fleurs. <o:p><\/o:p><\/span><\/p>\n<p>[\/et_pb_text][et_pb_text _builder_version=\u00a0\u00bb4.21.0&Prime; _module_preset=\u00a0\u00bbdefault\u00a0\u00bb custom_margin=\u00a0\u00bb||-3px|||\u00a0\u00bb global_colors_info=\u00a0\u00bb{}\u00a0\u00bb]<\/p>\n<h4>Plaisir<\/h4>\n<p>[\/et_pb_text][et_pb_text _builder_version=\u00a0\u00bb4.21.0&Prime; _module_preset=\u00a0\u00bbdefault\u00a0\u00bb global_colors_info=\u00a0\u00bb{}\u00a0\u00bb]<\/p>\n<p>Dans le Gewurztraminer, on retrouve des notes olfactives d&rsquo;orange am\u00e8re, de fruit de la passion, de gel\u00e9e de coing, de miel, de massepain et m\u00eame de litchi. Le Gewurztraminer est un compagnon de repas vari\u00e9, s&rsquo;il est sec ou demi-sec, avec de la volaille accompagn\u00e9e de sauces \u00e9pic\u00e9es et de rago\u00fbts, mais aussi avec des p\u00e2t\u00e9s de gibier ou des escargots. Les vins doux sont tr\u00e8s appr\u00e9ci\u00e9s en ap\u00e9ritif et accompagnent volontiers les desserts chocolat\u00e9s ou \u00e0 base de p\u00e2te d&rsquo;amande. Les connaisseurs de vin aiment aussi boire le Gewurztraminer avec un fromage bleu ou un Munster riche en mati\u00e8res grasses.<\/p>\n<p>[\/et_pb_text][\/et_pb_column][\/et_pb_row][\/et_pb_section][et_pb_section fb_built=\u00a0\u00bb1&Prime; _builder_version=\u00a0\u00bb4.16&Prime; _module_preset=\u00a0\u00bbdefault\u00a0\u00bb custom_padding=\u00a0\u00bb1px||3px|||\u00a0\u00bb global_colors_info=\u00a0\u00bb{}\u00a0\u00bb][et_pb_row _builder_version=\u00a0\u00bb4.16&Prime; _module_preset=\u00a0\u00bbdefault\u00a0\u00bb global_colors_info=\u00a0\u00bb{}\u00a0\u00bb][et_pb_column type=\u00a0\u00bb4_4&Prime; _builder_version=\u00a0\u00bb4.16&Prime; _module_preset=\u00a0\u00bbdefault\u00a0\u00bb global_colors_info=\u00a0\u00bb{}\u00a0\u00bb][et_pb_text _builder_version=\u00a0\u00bb4.16&Prime; _module_preset=\u00a0\u00bbdefault\u00a0\u00bb text_font_size=\u00a0\u00bb11px\u00a0\u00bb min_height=\u00a0\u00bb10.8px\u00a0\u00bb custom_margin=\u00a0\u00bb||8px|||\u00a0\u00bb global_colors_info=\u00a0\u00bb{}\u00a0\u00bb]<strong>R\u00e9f\u00e9rences des sources :<\/strong>[\/et_pb_text][et_pb_text _builder_version=\u00a0\u00bb4.21.0&Prime; _module_preset=\u00a0\u00bbdefault\u00a0\u00bb text_font_size=\u00a0\u00bb9px\u00a0\u00bb global_colors_info=\u00a0\u00bb{}\u00a0\u00bb]<\/p>\n<p>Institut allemand du vin, c\u00e9pages blancs, 2023 Gew\u00fcrztraminer, <a href=\"https:\/\/www.deutscheweine.de\/wissen\/rebsorten\/weisse-rebsorten\/gewuerztraminer\/\">https:\/\/www.deutscheweine.de\/wissen\/rebsorten\/weisse-rebsorten\/gewuerztraminer\/<\/a><\/p>\n<p>Wikipedia Gew\u00fcrztraminer 2023, <a href=\"https:\/\/de.wikipedia.org\/wiki\/Gew%C3%BCztraminer\">https:\/\/de.wikipedia.org\/wiki\/Gew\u00fcztraminer<\/a><\/p>\n<p>Rheinhessenwein e. V. 2023 C\u00e9pages blancs Gew\u00fcrztraminer <a href=\"https:\/\/www.rheinhessen.de\/gewuerztraminer\">https:\/\/www.rheinhessen.de\/gewuerztraminer<\/a><\/p>\n<p>[\/et_pb_text][\/et_pb_column][\/et_pb_row][et_pb_row _builder_version=\u00a0\u00bb4.21.0&Prime; _module_preset=\u00a0\u00bbdefault\u00a0\u00bb global_colors_info=\u00a0\u00bb{}\u00a0\u00bb custom_padding=\u00a0\u00bb||1px|||\u00a0\u00bb][et_pb_column type=\u00a0\u00bb4_4&Prime; _builder_version=\u00a0\u00bb4.21.0&Prime; _module_preset=\u00a0\u00bbdefault\u00a0\u00bb global_colors_info=\u00a0\u00bb{}\u00a0\u00bb][et_pb_divider _builder_version=\u00a0\u00bb4.21.0&Prime; _module_preset=\u00a0\u00bbdefault\u00a0\u00bb global_colors_info=\u00a0\u00bb{}\u00a0\u00bb][\/et_pb_divider][\/et_pb_column][\/et_pb_row][\/et_pb_section][et_pb_section fb_built=\u00a0\u00bb1&Prime; admin_label=\u00a0\u00bbRelated Articles\u00a0\u00bb _builder_version=\u00a0\u00bb4.16&Prime; min_height=\u00a0\u00bb357.3px\u00a0\u00bb custom_margin=\u00a0\u00bb||-65px|||\u00a0\u00bb custom_padding=\u00a0\u00bb0px|||||\u00a0\u00bb global_colors_info=\u00a0\u00bb{}\u00a0\u00bb][et_pb_row _builder_version=\u00a0\u00bb4.16&Prime; global_colors_info=\u00a0\u00bb{}\u00a0\u00bb][et_pb_column type=\u00a0\u00bb4_4&Prime; _builder_version=\u00a0\u00bb4.16&Prime; global_colors_info=\u00a0\u00bb{}\u00a0\u00bb][et_pb_text _builder_version=\u00a0\u00bb4.20.2&Prime; header_2_font=\u00a0\u00bbMontserrat|700|||||||\u00a0\u00bb header_2_font_size=\u00a0\u00bb70px\u00a0\u00bb header_2_line_height=\u00a0\u00bb1.2em\u00a0\u00bb header_3_font=\u00a0\u00bb|600|||||||\u00a0\u00bb header_3_font_size=\u00a0\u00bb25px\u00a0\u00bb max_width=\u00a0\u00bb750px\u00a0\u00bb header_2_font_size_tablet=\u00a0\u00bb48px\u00a0\u00bb header_2_font_size_phone=\u00a0\u00bb36px\u00a0\u00bb header_2_font_size_last_edited=\u00a0\u00bbon|desktop\u00a0\u00bb locked=\u00a0\u00bboff\u00a0\u00bb global_colors_info=\u00a0\u00bb{}\u00a0\u00bb custom_margin=\u00a0\u00bb||1px|||\u00a0\u00bb]<\/p>\n<h3>Plus de contributions<\/h3>\n<p>[\/et_pb_text][et_pb_text admin_label=\u00a0\u00bbRelated post slider\u00a0\u00bb _builder_version=\u00a0\u00bb4.21.0&Prime; _module_preset=\u00a0\u00bbdefault\u00a0\u00bb global_colors_info=\u00a0\u00bb{}\u00a0\u00bb]<\/p>\n<div id=\"psacp-post-carousel-wrap-1\" class=\"psacp-wrap psacp-post-carousel-wrap owl-carousel psacp-design-1 psacp-has-arrows psacp-clearfix\" data-conf=\"{&quot;slide_show&quot;:3,&quot;loop&quot;:true,&quot;arrows&quot;:true,&quot;dots&quot;:true,&quot;autoplay&quot;:true,&quot;autoplay_interval&quot;:5000,&quot;speed&quot;:500,&quot;slide_scroll&quot;:1,&quot;rtl&quot;:false}\"><div class=\"psacp-post-slide psacp-post-9369 psacp-post-standard psacp-has-thumb\">\r\n\t<div class=\"psacp-post-carousel-content\">\r\n\t\t<div class=\"psacp-post-img-bg\" style=\"background-image:url(https:\/\/doku-harxheim.de\/wp-content\/uploads\/2023\/05\/NAt-WOI-00-thumb.jpg);\">\r\n\t\t\t<a class=\"psacp-post-linkoverlay\" href=\"https:\/\/doku-harxheim.de\/fr\/saint-laurent\"><\/a>\r\n\t\t\t<div class=\"psacp-post-overlay\">\r\n\t\t\t\t\t\t\t\t<h2 class=\"psacp-post-title\">\r\n\t\t\t\t\t<a href=\"https:\/\/doku-harxheim.de\/fr\/saint-laurent\">Saint Laurent<\/a>\r\n\t\t\t\t<\/h2>\r\n\r\n\t\t\t\t\t\t\t\t<div class=\"psacp-post-meta psacp-post-meta-up\">\r\n\t\t\t\t\t<span class=\"psacp-post-meta-data psacp-post-author\"><i class=\"psacp-fa fa-solid fa-user\"><\/i>Harald Schenk<\/span>\t\t\t\t<\/div>\r\n\t\t\t\t\t\t\t<\/div>\r\n\t\t<\/div>\r\n\r\n\t\t\t<\/div>\r\n<\/div><div class=\"psacp-post-slide psacp-post-9344 psacp-post-standard psacp-has-thumb\">\r\n\t<div class=\"psacp-post-carousel-content\">\r\n\t\t<div class=\"psacp-post-img-bg\" style=\"background-image:url(https:\/\/doku-harxheim.de\/wp-content\/uploads\/2023\/05\/NAt-WOI-00-thumb.jpg);\">\r\n\t\t\t<a class=\"psacp-post-linkoverlay\" href=\"https:\/\/doku-harxheim.de\/fr\/cabernet-sauvignon\"><\/a>\r\n\t\t\t<div class=\"psacp-post-overlay\">\r\n\t\t\t\t\t\t\t\t<h2 class=\"psacp-post-title\">\r\n\t\t\t\t\t<a href=\"https:\/\/doku-harxheim.de\/fr\/cabernet-sauvignon\">Cabernet Sauvignon<\/a>\r\n\t\t\t\t<\/h2>\r\n\r\n\t\t\t\t\t\t\t\t<div class=\"psacp-post-meta psacp-post-meta-up\">\r\n\t\t\t\t\t<span class=\"psacp-post-meta-data psacp-post-author\"><i class=\"psacp-fa fa-solid fa-user\"><\/i>Harald Schenk<\/span>\t\t\t\t<\/div>\r\n\t\t\t\t\t\t\t<\/div>\r\n\t\t<\/div>\r\n\r\n\t\t\t<\/div>\r\n<\/div><div class=\"psacp-post-slide psacp-post-9329 psacp-post-standard psacp-has-thumb\">\r\n\t<div class=\"psacp-post-carousel-content\">\r\n\t\t<div class=\"psacp-post-img-bg\" style=\"background-image:url(https:\/\/doku-harxheim.de\/wp-content\/uploads\/2023\/05\/NAt-WOI-00-thumb.jpg);\">\r\n\t\t\t<a class=\"psacp-post-linkoverlay\" href=\"https:\/\/doku-harxheim.de\/fr\/portugais-bleu\"><\/a>\r\n\t\t\t<div class=\"psacp-post-overlay\">\r\n\t\t\t\t\t\t\t\t<h2 class=\"psacp-post-title\">\r\n\t\t\t\t\t<a href=\"https:\/\/doku-harxheim.de\/fr\/portugais-bleu\">Portugais bleu<\/a>\r\n\t\t\t\t<\/h2>\r\n\r\n\t\t\t\t\t\t\t\t<div class=\"psacp-post-meta psacp-post-meta-up\">\r\n\t\t\t\t\t<span class=\"psacp-post-meta-data psacp-post-author\"><i class=\"psacp-fa fa-solid fa-user\"><\/i>Harald Schenk<\/span>\t\t\t\t<\/div>\r\n\t\t\t\t\t\t\t<\/div>\r\n\t\t<\/div>\r\n\r\n\t\t\t<\/div>\r\n<\/div><div class=\"psacp-post-slide psacp-post-9314 psacp-post-standard psacp-has-thumb\">\r\n\t<div class=\"psacp-post-carousel-content\">\r\n\t\t<div class=\"psacp-post-img-bg\" style=\"background-image:url(https:\/\/doku-harxheim.de\/wp-content\/uploads\/2023\/05\/NAT-WOI-13-Spaetburgunder-thumb.jpg);\">\r\n\t\t\t<a class=\"psacp-post-linkoverlay\" href=\"https:\/\/doku-harxheim.de\/fr\/pinot-noir\"><\/a>\r\n\t\t\t<div class=\"psacp-post-overlay\">\r\n\t\t\t\t\t\t\t\t<h2 class=\"psacp-post-title\">\r\n\t\t\t\t\t<a href=\"https:\/\/doku-harxheim.de\/fr\/pinot-noir\">Pinot noir<\/a>\r\n\t\t\t\t<\/h2>\r\n\r\n\t\t\t\t\t\t\t\t<div class=\"psacp-post-meta psacp-post-meta-up\">\r\n\t\t\t\t\t<span class=\"psacp-post-meta-data psacp-post-author\"><i class=\"psacp-fa fa-solid fa-user\"><\/i>Harald Schenk<\/span>\t\t\t\t<\/div>\r\n\t\t\t\t\t\t\t<\/div>\r\n\t\t<\/div>\r\n\r\n\t\t\t<\/div>\r\n<\/div><div class=\"psacp-post-slide psacp-post-9299 psacp-post-standard psacp-has-thumb\">\r\n\t<div class=\"psacp-post-carousel-content\">\r\n\t\t<div class=\"psacp-post-img-bg\" style=\"background-image:url(https:\/\/doku-harxheim.de\/wp-content\/uploads\/2023\/05\/NAt-WOI-12-Dornfelder-thumb.jpg);\">\r\n\t\t\t<a class=\"psacp-post-linkoverlay\" href=\"https:\/\/doku-harxheim.de\/fr\/dornfelder\"><\/a>\r\n\t\t\t<div class=\"psacp-post-overlay\">\r\n\t\t\t\t\t\t\t\t<h2 class=\"psacp-post-title\">\r\n\t\t\t\t\t<a href=\"https:\/\/doku-harxheim.de\/fr\/dornfelder\">Dornfelder<\/a>\r\n\t\t\t\t<\/h2>\r\n\r\n\t\t\t\t\t\t\t\t<div class=\"psacp-post-meta psacp-post-meta-up\">\r\n\t\t\t\t\t<span class=\"psacp-post-meta-data psacp-post-author\"><i class=\"psacp-fa fa-solid fa-user\"><\/i>Harald Schenk<\/span>\t\t\t\t<\/div>\r\n\t\t\t\t\t\t\t<\/div>\r\n\t\t<\/div>\r\n\r\n\t\t\t<\/div>\r\n<\/div><div class=\"psacp-post-slide psacp-post-9278 psacp-post-standard psacp-has-thumb\">\r\n\t<div class=\"psacp-post-carousel-content\">\r\n\t\t<div class=\"psacp-post-img-bg\" style=\"background-image:url(https:\/\/doku-harxheim.de\/wp-content\/uploads\/2023\/05\/NAT-WOI-11-Scheurebe-thumb.jpg);\">\r\n\t\t\t<a class=\"psacp-post-linkoverlay\" href=\"https:\/\/doku-harxheim.de\/fr\/scheurebe\"><\/a>\r\n\t\t\t<div class=\"psacp-post-overlay\">\r\n\t\t\t\t\t\t\t\t<h2 class=\"psacp-post-title\">\r\n\t\t\t\t\t<a href=\"https:\/\/doku-harxheim.de\/fr\/scheurebe\">Scheurebe<\/a>\r\n\t\t\t\t<\/h2>\r\n\r\n\t\t\t\t\t\t\t\t<div class=\"psacp-post-meta psacp-post-meta-up\">\r\n\t\t\t\t\t<span class=\"psacp-post-meta-data psacp-post-author\"><i class=\"psacp-fa fa-solid fa-user\"><\/i>Harald Schenk<\/span>\t\t\t\t<\/div>\r\n\t\t\t\t\t\t\t<\/div>\r\n\t\t<\/div>\r\n\r\n\t\t\t<\/div>\r\n<\/div><div class=\"psacp-post-slide psacp-post-9258 psacp-post-standard psacp-has-thumb\">\r\n\t<div class=\"psacp-post-carousel-content\">\r\n\t\t<div class=\"psacp-post-img-bg\" style=\"background-image:url(https:\/\/doku-harxheim.de\/wp-content\/uploads\/2023\/05\/NAt-WOI-00-thumb.jpg);\">\r\n\t\t\t<a class=\"psacp-post-linkoverlay\" href=\"https:\/\/doku-harxheim.de\/fr\/gewurztraminer\"><\/a>\r\n\t\t\t<div class=\"psacp-post-overlay\">\r\n\t\t\t\t\t\t\t\t<h2 class=\"psacp-post-title\">\r\n\t\t\t\t\t<a href=\"https:\/\/doku-harxheim.de\/fr\/gewurztraminer\">Gewurztraminer<\/a>\r\n\t\t\t\t<\/h2>\r\n\r\n\t\t\t\t\t\t\t\t<div class=\"psacp-post-meta psacp-post-meta-up\">\r\n\t\t\t\t\t<span class=\"psacp-post-meta-data psacp-post-author\"><i class=\"psacp-fa fa-solid fa-user\"><\/i>Harald Schenk<\/span>\t\t\t\t<\/div>\r\n\t\t\t\t\t\t\t<\/div>\r\n\t\t<\/div>\r\n\r\n\t\t\t<\/div>\r\n<\/div><div class=\"psacp-post-slide psacp-post-9243 psacp-post-standard psacp-has-thumb\">\r\n\t<div class=\"psacp-post-carousel-content\">\r\n\t\t<div class=\"psacp-post-img-bg\" style=\"background-image:url(https:\/\/doku-harxheim.de\/wp-content\/uploads\/2023\/05\/NAt-WOI-00-thumb.jpg);\">\r\n\t\t\t<a class=\"psacp-post-linkoverlay\" href=\"https:\/\/doku-harxheim.de\/fr\/bacchus\"><\/a>\r\n\t\t\t<div class=\"psacp-post-overlay\">\r\n\t\t\t\t\t\t\t\t<h2 class=\"psacp-post-title\">\r\n\t\t\t\t\t<a href=\"https:\/\/doku-harxheim.de\/fr\/bacchus\">Bacchus<\/a>\r\n\t\t\t\t<\/h2>\r\n\r\n\t\t\t\t\t\t\t\t<div class=\"psacp-post-meta psacp-post-meta-up\">\r\n\t\t\t\t\t<span class=\"psacp-post-meta-data psacp-post-author\"><i class=\"psacp-fa fa-solid fa-user\"><\/i>Harald Schenk<\/span>\t\t\t\t<\/div>\r\n\t\t\t\t\t\t\t<\/div>\r\n\t\t<\/div>\r\n\r\n\t\t\t<\/div>\r\n<\/div><div class=\"psacp-post-slide psacp-post-9217 psacp-post-standard psacp-has-thumb\">\r\n\t<div class=\"psacp-post-carousel-content\">\r\n\t\t<div class=\"psacp-post-img-bg\" style=\"background-image:url(https:\/\/doku-harxheim.de\/wp-content\/uploads\/2023\/05\/NAt-WOI-00-thumb.jpg);\">\r\n\t\t\t<a class=\"psacp-post-linkoverlay\" href=\"https:\/\/doku-harxheim.de\/fr\/sauvignon-blanc\"><\/a>\r\n\t\t\t<div class=\"psacp-post-overlay\">\r\n\t\t\t\t\t\t\t\t<h2 class=\"psacp-post-title\">\r\n\t\t\t\t\t<a href=\"https:\/\/doku-harxheim.de\/fr\/sauvignon-blanc\">Sauvignon blanc<\/a>\r\n\t\t\t\t<\/h2>\r\n\r\n\t\t\t\t\t\t\t\t<div class=\"psacp-post-meta psacp-post-meta-up\">\r\n\t\t\t\t\t<span class=\"psacp-post-meta-data psacp-post-author\"><i class=\"psacp-fa fa-solid fa-user\"><\/i>Harald Schenk<\/span>\t\t\t\t<\/div>\r\n\t\t\t\t\t\t\t<\/div>\r\n\t\t<\/div>\r\n\r\n\t\t\t<\/div>\r\n<\/div><div class=\"psacp-post-slide psacp-post-9202 psacp-post-standard psacp-has-thumb\">\r\n\t<div class=\"psacp-post-carousel-content\">\r\n\t\t<div class=\"psacp-post-img-bg\" style=\"background-image:url(https:\/\/doku-harxheim.de\/wp-content\/uploads\/2023\/05\/NAt-WOI-00-thumb.jpg);\">\r\n\t\t\t<a class=\"psacp-post-linkoverlay\" href=\"https:\/\/doku-harxheim.de\/fr\/kerner\"><\/a>\r\n\t\t\t<div class=\"psacp-post-overlay\">\r\n\t\t\t\t\t\t\t\t<h2 class=\"psacp-post-title\">\r\n\t\t\t\t\t<a href=\"https:\/\/doku-harxheim.de\/fr\/kerner\">Kerner<\/a>\r\n\t\t\t\t<\/h2>\r\n\r\n\t\t\t\t\t\t\t\t<div class=\"psacp-post-meta psacp-post-meta-up\">\r\n\t\t\t\t\t<span class=\"psacp-post-meta-data psacp-post-author\"><i class=\"psacp-fa fa-solid fa-user\"><\/i>Harald Schenk<\/span>\t\t\t\t<\/div>\r\n\t\t\t\t\t\t\t<\/div>\r\n\t\t<\/div>\r\n\r\n\t\t\t<\/div>\r\n<\/div><div class=\"psacp-post-slide psacp-post-9181 psacp-post-standard psacp-has-thumb\">\r\n\t<div class=\"psacp-post-carousel-content\">\r\n\t\t<div class=\"psacp-post-img-bg\" style=\"background-image:url(https:\/\/doku-harxheim.de\/wp-content\/uploads\/2023\/05\/NAT-WOI-06-chardonnay-thumb-AdobeStock_57725358.jpg);\">\r\n\t\t\t<a class=\"psacp-post-linkoverlay\" href=\"https:\/\/doku-harxheim.de\/fr\/chardonnay\"><\/a>\r\n\t\t\t<div class=\"psacp-post-overlay\">\r\n\t\t\t\t\t\t\t\t<h2 class=\"psacp-post-title\">\r\n\t\t\t\t\t<a href=\"https:\/\/doku-harxheim.de\/fr\/chardonnay\">Chardonnay<\/a>\r\n\t\t\t\t<\/h2>\r\n\r\n\t\t\t\t\t\t\t\t<div class=\"psacp-post-meta psacp-post-meta-up\">\r\n\t\t\t\t\t<span class=\"psacp-post-meta-data psacp-post-author\"><i class=\"psacp-fa fa-solid fa-user\"><\/i>Harald Schenk<\/span>\t\t\t\t<\/div>\r\n\t\t\t\t\t\t\t<\/div>\r\n\t\t<\/div>\r\n\r\n\t\t\t<\/div>\r\n<\/div><div class=\"psacp-post-slide psacp-post-9165 psacp-post-standard psacp-has-thumb\">\r\n\t<div class=\"psacp-post-carousel-content\">\r\n\t\t<div class=\"psacp-post-img-bg\" style=\"background-image:url(https:\/\/doku-harxheim.de\/wp-content\/uploads\/2023\/05\/NAt-WOI-05-Grauer-Burgunder-thumb-.jpg);\">\r\n\t\t\t<a class=\"psacp-post-linkoverlay\" href=\"https:\/\/doku-harxheim.de\/fr\/pinot-gris-rulaender\"><\/a>\r\n\t\t\t<div class=\"psacp-post-overlay\">\r\n\t\t\t\t\t\t\t\t<h2 class=\"psacp-post-title\">\r\n\t\t\t\t\t<a href=\"https:\/\/doku-harxheim.de\/fr\/pinot-gris-rulaender\">Pinot Gris (Rul\u00e4nder)<\/a>\r\n\t\t\t\t<\/h2>\r\n\r\n\t\t\t\t\t\t\t\t<div class=\"psacp-post-meta psacp-post-meta-up\">\r\n\t\t\t\t\t<span class=\"psacp-post-meta-data psacp-post-author\"><i class=\"psacp-fa fa-solid fa-user\"><\/i>Harald Schenk<\/span>\t\t\t\t<\/div>\r\n\t\t\t\t\t\t\t<\/div>\r\n\t\t<\/div>\r\n\r\n\t\t\t<\/div>\r\n<\/div><div class=\"psacp-post-slide psacp-post-9147 psacp-post-standard psacp-has-thumb\">\r\n\t<div class=\"psacp-post-carousel-content\">\r\n\t\t<div class=\"psacp-post-img-bg\" style=\"background-image:url(https:\/\/doku-harxheim.de\/wp-content\/uploads\/2023\/05\/NAt-WOI-04-Weisser-Burgunder-thumb-AdobeStock_90625877.jpg);\">\r\n\t\t\t<a class=\"psacp-post-linkoverlay\" href=\"https:\/\/doku-harxheim.de\/fr\/pinot-blanc\"><\/a>\r\n\t\t\t<div class=\"psacp-post-overlay\">\r\n\t\t\t\t\t\t\t\t<h2 class=\"psacp-post-title\">\r\n\t\t\t\t\t<a href=\"https:\/\/doku-harxheim.de\/fr\/pinot-blanc\">Pinot blanc<\/a>\r\n\t\t\t\t<\/h2>\r\n\r\n\t\t\t\t\t\t\t\t<div class=\"psacp-post-meta psacp-post-meta-up\">\r\n\t\t\t\t\t<span class=\"psacp-post-meta-data psacp-post-author\"><i class=\"psacp-fa fa-solid fa-user\"><\/i>Harald Schenk<\/span>\t\t\t\t<\/div>\r\n\t\t\t\t\t\t\t<\/div>\r\n\t\t<\/div>\r\n\r\n\t\t\t<\/div>\r\n<\/div><div class=\"psacp-post-slide psacp-post-9129 psacp-post-standard psacp-has-thumb\">\r\n\t<div class=\"psacp-post-carousel-content\">\r\n\t\t<div class=\"psacp-post-img-bg\" style=\"background-image:url(https:\/\/doku-harxheim.de\/wp-content\/uploads\/2023\/05\/NAT-WOI-03-Mueller-Thurgau-thumb.jpg);\">\r\n\t\t\t<a class=\"psacp-post-linkoverlay\" href=\"https:\/\/doku-harxheim.de\/fr\/mueller-thurgau-rivaner\"><\/a>\r\n\t\t\t<div class=\"psacp-post-overlay\">\r\n\t\t\t\t\t\t\t\t<h2 class=\"psacp-post-title\">\r\n\t\t\t\t\t<a href=\"https:\/\/doku-harxheim.de\/fr\/mueller-thurgau-rivaner\">M\u00fcller-Thurgau (Rivaner)<\/a>\r\n\t\t\t\t<\/h2>\r\n\r\n\t\t\t\t\t\t\t\t<div class=\"psacp-post-meta psacp-post-meta-up\">\r\n\t\t\t\t\t<span class=\"psacp-post-meta-data psacp-post-author\"><i class=\"psacp-fa fa-solid fa-user\"><\/i>Harald Schenk<\/span>\t\t\t\t<\/div>\r\n\t\t\t\t\t\t\t<\/div>\r\n\t\t<\/div>\r\n\r\n\t\t\t<\/div>\r\n<\/div><div class=\"psacp-post-slide psacp-post-9105 psacp-post-standard psacp-has-thumb\">\r\n\t<div class=\"psacp-post-carousel-content\">\r\n\t\t<div class=\"psacp-post-img-bg\" style=\"background-image:url(https:\/\/doku-harxheim.de\/wp-content\/uploads\/2023\/05\/NAt-WOI-02-Silvaner-thumb.jpg);\">\r\n\t\t\t<a class=\"psacp-post-linkoverlay\" href=\"https:\/\/doku-harxheim.de\/fr\/silvaner\"><\/a>\r\n\t\t\t<div class=\"psacp-post-overlay\">\r\n\t\t\t\t\t\t\t\t<h2 class=\"psacp-post-title\">\r\n\t\t\t\t\t<a href=\"https:\/\/doku-harxheim.de\/fr\/silvaner\">Silvaner<\/a>\r\n\t\t\t\t<\/h2>\r\n\r\n\t\t\t\t\t\t\t\t<div class=\"psacp-post-meta psacp-post-meta-up\">\r\n\t\t\t\t\t<span class=\"psacp-post-meta-data psacp-post-author\"><i class=\"psacp-fa fa-solid fa-user\"><\/i>Harald Schenk<\/span>\t\t\t\t<\/div>\r\n\t\t\t\t\t\t\t<\/div>\r\n\t\t<\/div>\r\n\r\n\t\t\t<\/div>\r\n<\/div><div class=\"psacp-post-slide psacp-post-9084 psacp-post-standard psacp-has-thumb\">\r\n\t<div class=\"psacp-post-carousel-content\">\r\n\t\t<div class=\"psacp-post-img-bg\" style=\"background-image:url(https:\/\/doku-harxheim.de\/wp-content\/uploads\/2023\/05\/NAT-WOI-01-Riesling-thumb.jpg);\">\r\n\t\t\t<a class=\"psacp-post-linkoverlay\" href=\"https:\/\/doku-harxheim.de\/fr\/riesling\"><\/a>\r\n\t\t\t<div class=\"psacp-post-overlay\">\r\n\t\t\t\t\t\t\t\t<h2 class=\"psacp-post-title\">\r\n\t\t\t\t\t<a href=\"https:\/\/doku-harxheim.de\/fr\/riesling\">Riesling<\/a>\r\n\t\t\t\t<\/h2>\r\n\r\n\t\t\t\t\t\t\t\t<div class=\"psacp-post-meta psacp-post-meta-up\">\r\n\t\t\t\t\t<span class=\"psacp-post-meta-data psacp-post-author\"><i class=\"psacp-fa fa-solid fa-user\"><\/i>Harald Schenk<\/span>\t\t\t\t<\/div>\r\n\t\t\t\t\t\t\t<\/div>\r\n\t\t<\/div>\r\n\r\n\t\t\t<\/div>\r\n<\/div><\/div>\n<p>[\/et_pb_text][\/et_pb_column][\/et_pb_row][\/et_pb_section]<\/p>\n","protected":false},"excerpt":{"rendered":"<p>Le Riesling, fleuron de la viticulture allemande, est celui qui refl\u00e8te le mieux les caract\u00e9ristiques du sol (terroir).CultureLe Riesling est un c\u00e9page qui m\u00fbrit tr\u00e8s lentement. C&rsquo;est aussi la raison de son acidit\u00e9 fruit\u00e9e. Sa maturit\u00e9 tranquille le rend id\u00e9al pour les r\u00e9gions viticoles du nord. Il a ici le temps de terminer sa maturation [&hellip;]<\/p>\n","protected":false},"author":18,"featured_media":7532,"comment_status":"closed","ping_status":"closed","sticky":false,"template":"","format":"standard","meta":{"_et_pb_use_builder":"on","_et_pb_old_content":"","_et_gb_content_width":"","footnotes":""},"categories":[44,122],"tags":[],"class_list":["post-9258","post","type-post","status-publish","format-standard","has-post-thumbnail","hentry","category-nature-pure","category-viticulture"],"_links":{"self":[{"href":"https:\/\/doku-harxheim.de\/fr\/wp-json\/wp\/v2\/posts\/9258","targetHints":{"allow":["GET"]}}],"collection":[{"href":"https:\/\/doku-harxheim.de\/fr\/wp-json\/wp\/v2\/posts"}],"about":[{"href":"https:\/\/doku-harxheim.de\/fr\/wp-json\/wp\/v2\/types\/post"}],"author":[{"embeddable":true,"href":"https:\/\/doku-harxheim.de\/fr\/wp-json\/wp\/v2\/users\/18"}],"replies":[{"embeddable":true,"href":"https:\/\/doku-harxheim.de\/fr\/wp-json\/wp\/v2\/comments?post=9258"}],"version-history":[{"count":4,"href":"https:\/\/doku-harxheim.de\/fr\/wp-json\/wp\/v2\/posts\/9258\/revisions"}],"predecessor-version":[{"id":9266,"href":"https:\/\/doku-harxheim.de\/fr\/wp-json\/wp\/v2\/posts\/9258\/revisions\/9266"}],"wp:featuredmedia":[{"embeddable":true,"href":"https:\/\/doku-harxheim.de\/fr\/wp-json\/wp\/v2\/media\/7532"}],"wp:attachment":[{"href":"https:\/\/doku-harxheim.de\/fr\/wp-json\/wp\/v2\/media?parent=9258"}],"wp:term":[{"taxonomy":"category","embeddable":true,"href":"https:\/\/doku-harxheim.de\/fr\/wp-json\/wp\/v2\/categories?post=9258"},{"taxonomy":"post_tag","embeddable":true,"href":"https:\/\/doku-harxheim.de\/fr\/wp-json\/wp\/v2\/tags?post=9258"}],"curies":[{"name":"wp","href":"https:\/\/api.w.org\/{rel}","templated":true}]}}