{"id":5414,"date":"2022-12-05T10:00:26","date_gmt":"2022-12-05T10:00:26","guid":{"rendered":"http:\/\/doku-harxheim.de\/fruherer-evangelischer-pfarrhof"},"modified":"2023-03-29T17:22:22","modified_gmt":"2023-03-29T17:22:22","slug":"fruherer-evangelischer-pfarrhof","status":"publish","type":"post","link":"https:\/\/doku-harxheim.de\/fr\/fruherer-evangelischer-pfarrhof","title":{"rendered":"Ancien presbyt\u00e8re protestant"},"content":{"rendered":"<p>[et_pb_section fb_built=\u00a0\u00bb1&Prime; _builder_version=\u00a0\u00bb4.16&Prime; min_height=\u00a0\u00bb151px\u00a0\u00bb custom_margin=\u00a0\u00bb||||false|false\u00a0\u00bb custom_padding=\u00a0\u00bb0px||6px||false|false\u00a0\u00bb global_colors_info=\u00a0\u00bb{}\u00a0\u00bb][et_pb_row _builder_version=\u00a0\u00bb4.16&Prime; custom_margin=\u00a0\u00bb||||false|false\u00a0\u00bb custom_padding=\u00a0\u00bb0px||||false|false\u00a0\u00bb global_colors_info=\u00a0\u00bb{}\u00a0\u00bb][et_pb_column type=\u00a0\u00bb4_4&Prime; _builder_version=\u00a0\u00bb4.16&Prime; global_colors_info=\u00a0\u00bb{}\u00a0\u00bb][et_pb_post_title title=\u00a0\u00bboff\u00a0\u00bb categories=\u00a0\u00bboff\u00a0\u00bb comments=\u00a0\u00bboff\u00a0\u00bb featured_image=\u00a0\u00bboff\u00a0\u00bb _builder_version=\u00a0\u00bb4.16&Prime; meta_font=\u00a0\u00bb|700||on|||||\u00a0\u00bb meta_text_color=\u00a0\u00bbgcid-1ba3a96e-9d31-4f54-aae7-420968453e89&Prime; meta_font_size=\u00a0\u00bb12px\u00a0\u00bb meta_letter_spacing=\u00a0\u00bb1px\u00a0\u00bb global_colors_info=\u00a0\u00bb{%22gcid-1ba3a96e-9d31-4f54-aae7-420968453e89%22:%91%22meta_text_color%22%93}\u00a0\u00bb][\/et_pb_post_title][et_pb_post_title meta=\u00a0\u00bboff\u00a0\u00bb featured_image=\u00a0\u00bboff\u00a0\u00bb _builder_version=\u00a0\u00bb4.16&Prime; title_font=\u00a0\u00bbMontserrat|700|||||||\u00a0\u00bb title_font_size=\u00a0\u00bb50px\u00a0\u00bb title_line_height=\u00a0\u00bb1.2em\u00a0\u00bb custom_margin=\u00a0\u00bb||-16px|||\u00a0\u00bb title_font_size_tablet=\u00a0\u00bb50px\u00a0\u00bb title_font_size_phone=\u00a0\u00bb24px\u00a0\u00bb title_font_size_last_edited=\u00a0\u00bbon|desktop\u00a0\u00bb locked=\u00a0\u00bboff\u00a0\u00bb global_colors_info=\u00a0\u00bb{}\u00a0\u00bb][\/et_pb_post_title][\/et_pb_column][\/et_pb_row][et_pb_row column_structure=\u00a0\u00bb1_2,1_2&Prime; _builder_version=\u00a0\u00bb4.16&Prime; _module_preset=\u00a0\u00bbdefault\u00a0\u00bb min_height=\u00a0\u00bb136px\u00a0\u00bb custom_padding=\u00a0\u00bb||1px|||\u00a0\u00bb global_colors_info=\u00a0\u00bb{}\u00a0\u00bb][et_pb_column type=\u00a0\u00bb1_2&Prime; _builder_version=\u00a0\u00bb4.16&Prime; _module_preset=\u00a0\u00bbdefault\u00a0\u00bb global_colors_info=\u00a0\u00bb{}\u00a0\u00bb][et_pb_text _builder_version=\u00a0\u00bb4.19.5&Prime; _module_preset=\u00a0\u00bbdefault\u00a0\u00bb header_2_font_size=\u00a0\u00bb19px\u00a0\u00bb hover_enabled=\u00a0\u00bb0&Prime; global_colors_info=\u00a0\u00bb{}\u00a0\u00bb sticky_enabled=\u00a0\u00bb0&Prime;]<\/p>\n<h4><em>Jusqu&rsquo;au d\u00e9but des ann\u00e9es 1950, le presbyt\u00e8re protestant se trouvait au num\u00e9ro 3 de la Bahnhofstra\u00dfe. Le b\u00e2timent actuel a \u00e9t\u00e9 construit en 1836\/37. <\/em><\/h4>\n<h4><em>L&rsquo;arc de porte de style baroque tardif dans le mur de la cour date toutefois d&rsquo;une p\u00e9riode de construction ant\u00e9rieure.<\/em><\/h4>\n<p>[\/et_pb_text][et_pb_text _builder_version=\u00a0\u00bb4.19.0&Prime; _module_preset=\u00a0\u00bbdefault\u00a0\u00bb global_colors_info=\u00a0\u00bb{}\u00a0\u00bb]<\/p>\n<p>Le b\u00e2timent qui a pr\u00e9c\u00e9d\u00e9 la cour actuelle remonterait au Moyen \u00c2ge. Depuis l&rsquo;introduction de la R\u00e9forme \u00e0 Harxheim au milieu du 16\u00e8me si\u00e8cle, il a \u00e9t\u00e9 utilis\u00e9 comme presbyt\u00e8re protestant et a \u00e9t\u00e9 r\u00e9par\u00e9 et m\u00eame transform\u00e9 \u00e0 plusieurs reprises au cours des si\u00e8cles suivants.<\/p>\n<p>Au d\u00e9but des ann\u00e9es 1830, le b\u00e2timent \u00e9tait manifestement en piteux \u00e9tat.<\/p>\n<p>[\/et_pb_text][\/et_pb_column][et_pb_column type=\u00a0\u00bb1_2&Prime; _builder_version=\u00a0\u00bb4.16&Prime; _module_preset=\u00a0\u00bbdefault\u00a0\u00bb global_colors_info=\u00a0\u00bb{}\u00a0\u00bb][et_pb_image src=\u00a0\u00bbhttp:\/\/doku-harxheim.de\/wp-content\/uploads\/2022\/12\/POI-07-B2-evangelischer-Pfarrhof-scaled.jpg\u00a0\u00bb title_text=\u00a0\u00bbPOI 07 B2 presbyt\u00e8re protestant\u00a0\u00bb show_in_lightbox=\u00a0\u00bbon\u00a0\u00bb _builder_version=\u00a0\u00bb4.19.5&Prime; _module_preset=\u00a0\u00bbdefault\u00a0\u00bb width=\u00a0\u00bb100%\u00a0\u00bb module_alignment=\u00a0\u00bbleft\u00a0\u00bb hover_enabled=\u00a0\u00bb0&Prime; box_shadow_style=\u00a0\u00bbpreset2&Prime; global_colors_info=\u00a0\u00bb{}\u00a0\u00bb sticky_enabled=\u00a0\u00bb0&Prime;][\/et_pb_image][et_pb_text _builder_version=\u00a0\u00bb4.19.0&Prime; _module_preset=\u00a0\u00bbdefault\u00a0\u00bb text_font_size=\u00a0\u00bb13px\u00a0\u00bb custom_margin=\u00a0\u00bb26px||-1px|||\u00a0\u00bb global_colors_info=\u00a0\u00bb{}\u00a0\u00bb]<\/p>\n<p>Ancien presbyt\u00e8re protestant en 1963 avec l&rsquo;\u00e9picerie de Helene Wenderoth, l&rsquo;enseigne pourrait dire : Lebensmittel, Feinkost (extrait de carte postale)<\/p>\n<p>[\/et_pb_text][et_pb_text _builder_version=\u00a0\u00bb4.19.0&Prime; _module_preset=\u00a0\u00bbdefault\u00a0\u00bb text_font_size=\u00a0\u00bb8px\u00a0\u00bb global_colors_info=\u00a0\u00bb{}\u00a0\u00bb]<\/p>\n<p style=\"text-align: left;\"><span>Source de l&rsquo;image : G. Kr\u00e4mer<\/span><\/p>\n<p>[\/et_pb_text][\/et_pb_column][\/et_pb_row][et_pb_row _builder_version=\u00a0\u00bb4.19.0&Prime; _module_preset=\u00a0\u00bbdefault\u00a0\u00bb global_colors_info=\u00a0\u00bb{}\u00a0\u00bb][et_pb_column type=\u00a0\u00bb4_4&Prime; _builder_version=\u00a0\u00bb4.19.0&Prime; _module_preset=\u00a0\u00bbdefault\u00a0\u00bb global_colors_info=\u00a0\u00bb{}\u00a0\u00bb][et_pb_text _builder_version=\u00a0\u00bb4.19.0&Prime; _module_preset=\u00a0\u00bbdefault\u00a0\u00bb global_colors_info=\u00a0\u00bb{}\u00a0\u00bb]<\/p>\n<p>L&rsquo;architecte d&rsquo;arrondissement de Mayence de l&rsquo;\u00e9poque, Schuknecht, rapporte \u00e0 ce sujet en 1833 :<\/p>\n<p style=\"padding-left: 40px;\">\u00ab\u00a0Le presbyt\u00e8re de Harxheim est [&#8230;] long de 46 chaussures et large de 27,5 chaussures [environ 14 m de long sur un peu plus de 8 m de large] et tous les murs ext\u00e9rieurs et int\u00e9rieurs sont en bois de sapin. Pour mieux prot\u00e9ger les murs ext\u00e9rieurs contre l&rsquo;influence des intemp\u00e9ries, ceux-ci ont \u00e9t\u00e9 utilis\u00e9s il y a plusieurs ann\u00e9es. Toutes les fen\u00eatres sont en tr\u00e8s mauvais \u00e9tat et [&#8230;] ont des vitres hexagonales et sont de tailles diff\u00e9rentes dans une m\u00eame pi\u00e8ce. La plupart ont 27 pouces [environ 70 cm] de large et trois et quatre sabots [environ 90 cm et 120 cm] de haut, d&rsquo;autres sont encore plus petites. Les seuils des murs passent dans les ouvertures des portes ou sont si informes et mauvais qu&rsquo;ils conviendraient plut\u00f4t \u00e0 une \u00e9table qu&rsquo;\u00e0 un salon. [&#8230;] Quant aux planchers, seuls ceux des chambres a, b et c peuvent \u00e0 la rigueur \u00eatre conserv\u00e9s, tous les autres sont rong\u00e9s par les vers. [&#8230;] Les escaliers \u00e9taient adapt\u00e9s \u00e0 un grenier \u00e0 foin et celui de l&rsquo;\u00e9tage inf\u00e9rieur en particulier est tellement us\u00e9 qu&rsquo;il doit en tout cas \u00eatre refait\u00a0\u00bb. <\/p>\n<p>[\/et_pb_text][et_pb_text _builder_version=\u00a0\u00bb4.19.0&Prime; _module_preset=\u00a0\u00bbdefault\u00a0\u00bb global_colors_info=\u00a0\u00bb{}\u00a0\u00bb]<\/p>\n<p>La vente de la maison et la construction d&rsquo;un nouveau b\u00e2timent \u00e0 un autre endroit, envisag\u00e9es dans un premier temps, se sont r\u00e9v\u00e9l\u00e9es irr\u00e9alisables. En 1836, il a donc \u00e9t\u00e9 d\u00e9cid\u00e9 de d\u00e9molir l&rsquo;ancien presbyt\u00e8re et de construire un nouveau presbyt\u00e8re. Celle-ci a \u00e9t\u00e9 construite en 1836\/37 en tant que b\u00e2timent type de style classique tardif selon les plans de l&rsquo;architecte et entrepreneur Philipp Elbert (Philipp Elbert a \u00e9galement con\u00e7u le nouveau b\u00e2timent de l&rsquo;\u00e9glise protestante en 1873). L&rsquo;arc de porte de style baroque tardif dans le mur de la cour datant de 1764 a \u00e9t\u00e9 conserv\u00e9 lors de la nouvelle construction (l&rsquo;arc de porte figure dans le registre des monuments historiques du district de Mainz-Bingen). Outre la maison d&rsquo;habitation \u00e0 gauche, le nouveau complexe comprenait \u00e9galement des b\u00e2timents \u00e0 usage agricole tels que des \u00e9tables pour les porcs et les chevaux et une grange. A l&rsquo;\u00e9poque, les cur\u00e9s d\u00e9pendaient des revenus agricoles de la ferme.<\/p>\n<p>[\/et_pb_text][et_pb_text _builder_version=\u00a0\u00bb4.19.0&Prime; _module_preset=\u00a0\u00bbdefault\u00a0\u00bb global_colors_info=\u00a0\u00bb{}\u00a0\u00bb]<\/p>\n<p>Au d\u00e9but des ann\u00e9es 1950, la paroisse protestante a \u00e9chang\u00e9 le presbyt\u00e8re contre la maison Krone (Gaustra\u00dfe 19), car elle disposait de plus d&rsquo;espace pour des locaux communautaires. Aujourd&rsquo;hui, la maison paroissiale \u00e9vang\u00e9lique se trouve au 11 de la Bahnhofstra\u00dfe.<\/p>\n<p>[\/et_pb_text][\/et_pb_column][\/et_pb_row][et_pb_row column_structure=\u00a0\u00bb1_2,1_2&Prime; _builder_version=\u00a0\u00bb4.16&Prime; _module_preset=\u00a0\u00bbdefault\u00a0\u00bb global_colors_info=\u00a0\u00bb{}\u00a0\u00bb][et_pb_column type=\u00a0\u00bb1_2&Prime; _builder_version=\u00a0\u00bb4.16&Prime; _module_preset=\u00a0\u00bbdefault\u00a0\u00bb global_colors_info=\u00a0\u00bb{}\u00a0\u00bb][et_pb_image src=\u00a0\u00bbhttp:\/\/doku-harxheim.de\/wp-content\/uploads\/2022\/12\/POI-07-B1-evangelischer-Pfarrhof-scaled.jpg\u00a0\u00bb title_text=\u00a0\u00bbPOI 07 B1 presbyt\u00e8re protestant\u00a0\u00bb show_in_lightbox=\u00a0\u00bbon\u00a0\u00bb _builder_version=\u00a0\u00bb4.19.0&Prime; _module_preset=\u00a0\u00bbdefault\u00a0\u00bb width=\u00a0\u00bb75%\u00a0\u00bb module_alignment=\u00a0\u00bbcenter\u00a0\u00bb box_shadow_style=\u00a0\u00bbpreset2&Prime; global_colors_info=\u00a0\u00bb{}\u00a0\u00bb][\/et_pb_image][et_pb_text _builder_version=\u00a0\u00bb4.19.0&Prime; _module_preset=\u00a0\u00bbdefault\u00a0\u00bb text_font_size=\u00a0\u00bb13px\u00a0\u00bb custom_margin=\u00a0\u00bb26px||-1px|||\u00a0\u00bb global_colors_info=\u00a0\u00bb{}\u00a0\u00bb]<\/p>\n<p>ancien presbyt\u00e8re protestant 1983 avec agence de la Volksbank Mommenheim<\/p>\n<p>[\/et_pb_text][et_pb_text _builder_version=\u00a0\u00bb4.19.0&Prime; _module_preset=\u00a0\u00bbdefault\u00a0\u00bb text_font_size=\u00a0\u00bb8px\u00a0\u00bb global_colors_info=\u00a0\u00bb{}\u00a0\u00bb]<\/p>\n<p><span>Source de l&rsquo;image : Willi Buchert<\/span><\/p>\n<p>[\/et_pb_text][\/et_pb_column][et_pb_column type=\u00a0\u00bb1_2&Prime; _builder_version=\u00a0\u00bb4.16&Prime; _module_preset=\u00a0\u00bbdefault\u00a0\u00bb global_colors_info=\u00a0\u00bb{}\u00a0\u00bb][et_pb_text _builder_version=\u00a0\u00bb4.19.0&Prime; _module_preset=\u00a0\u00bbdefault\u00a0\u00bb global_colors_info=\u00a0\u00bb{}\u00a0\u00bb]<\/p>\n<p>La nouvelle propri\u00e9taire de l&rsquo;ancien presbyt\u00e8re, Mme Wenderoth, y a tenu une \u00e9picerie pendant quelques ann\u00e9es encore. Plus tard, la Volksbank Mommenheim y a install\u00e9 une succursale.<\/p>\n<p>Depuis le milieu des ann\u00e9es 1980, la ferme est une propri\u00e9t\u00e9 priv\u00e9e.<\/p>\n<p>[\/et_pb_text][\/et_pb_column][\/et_pb_row][\/et_pb_section][et_pb_section fb_built=\u00a0\u00bb1&Prime; _builder_version=\u00a0\u00bb4.16&Prime; _module_preset=\u00a0\u00bbdefault\u00a0\u00bb min_height=\u00a0\u00bb305.8px\u00a0\u00bb custom_padding=\u00a0\u00bb1px|||||\u00a0\u00bb global_colors_info=\u00a0\u00bb{}\u00a0\u00bb][et_pb_row _builder_version=\u00a0\u00bb4.16&Prime; _module_preset=\u00a0\u00bbdefault\u00a0\u00bb global_colors_info=\u00a0\u00bb{}\u00a0\u00bb][et_pb_column type=\u00a0\u00bb4_4&Prime; _builder_version=\u00a0\u00bb4.16&Prime; _module_preset=\u00a0\u00bbdefault\u00a0\u00bb global_colors_info=\u00a0\u00bb{}\u00a0\u00bb][et_pb_text _builder_version=\u00a0\u00bb4.16&Prime; _module_preset=\u00a0\u00bbdefault\u00a0\u00bb text_font_size=\u00a0\u00bb11px\u00a0\u00bb min_height=\u00a0\u00bb10.8px\u00a0\u00bb custom_margin=\u00a0\u00bb||8px|||\u00a0\u00bb global_colors_info=\u00a0\u00bb{}\u00a0\u00bb]<\/p>\n<p><strong>R\u00e9f\u00e9rences des sources :<\/strong><\/p>\n<p>[\/et_pb_text][et_pb_text _builder_version=\u00a0\u00bb4.19.0&Prime; _module_preset=\u00a0\u00bbdefault\u00a0\u00bb text_font_size=\u00a0\u00bb9px\u00a0\u00bb global_colors_info=\u00a0\u00bb{}\u00a0\u00bb]<\/p>\n<p>Diehl, Wilhelm (1932) : Baubuch f\u00fcr die evangelischen Pfarreien der Provinz Rheinhessen und die kurpf\u00e4lzischen Pfarreien der Provinz Starkenburg. Darmstadt.<\/p>\n<p>Krienke, Dieter (2011) : Communes associ\u00e9es de Bodenheim, Guntersblum et Nieder-Olm. In : Generaldirektion Kulturelles Erbe Rheinland-Pfalz, Direktion Landesdenkmalpflege 18, Kreis Mainz-Bingen (\u00e9d.) : Kulturdenkm\u00e4ler in Rheinland-Pfalz. Worms.<\/p>\n<p>Re\u00dfler, Tanja (2017) : Centre \u00e9conomique \u00ab\u00a0Alt Hashem\u00a0\u00bb. In : Commune locale de Harxheim (\u00e9d.) : Livre de f\u00eate 2017. Harxheim. Mille deux cent cinquante. Selzen. S. 129 &#8211; 143.<\/p>\n<p>[\/et_pb_text][\/et_pb_column][\/et_pb_row][et_pb_row _builder_version=\u00a0\u00bb4.19.5&Prime; _module_preset=\u00a0\u00bbdefault\u00a0\u00bb][et_pb_column _builder_version=\u00a0\u00bb4.19.5&Prime; _module_preset=\u00a0\u00bbdefault\u00a0\u00bb type=\u00a0\u00bb4_4&Prime;][et_pb_divider _builder_version=\u00a0\u00bb4.19.5&Prime; _module_preset=\u00a0\u00bbdefault\u00a0\u00bb hover_enabled=\u00a0\u00bb0&Prime; sticky_enabled=\u00a0\u00bb0&Prime;][\/et_pb_divider][\/et_pb_column][\/et_pb_row][\/et_pb_section][et_pb_section fb_built=\u00a0\u00bb1&Prime; admin_label=\u00a0\u00bbRelated Articles\u00a0\u00bb _builder_version=\u00a0\u00bb4.16&Prime; min_height=\u00a0\u00bb357.3px\u00a0\u00bb custom_margin=\u00a0\u00bb||-65px|||\u00a0\u00bb custom_padding=\u00a0\u00bb0px|||||\u00a0\u00bb global_colors_info=\u00a0\u00bb{}\u00a0\u00bb][et_pb_row _builder_version=\u00a0\u00bb4.16&Prime; global_colors_info=\u00a0\u00bb{}\u00a0\u00bb][et_pb_column type=\u00a0\u00bb4_4&Prime; _builder_version=\u00a0\u00bb4.16&Prime; global_colors_info=\u00a0\u00bb{}\u00a0\u00bb][et_pb_text _builder_version=\u00a0\u00bb4.16&Prime; header_2_font=\u00a0\u00bbMontserrat|700|||||||\u00a0\u00bb header_2_font_size=\u00a0\u00bb70px\u00a0\u00bb header_2_line_height=\u00a0\u00bb1.2em\u00a0\u00bb max_width=\u00a0\u00bb750px\u00a0\u00bb header_2_font_size_tablet=\u00a0\u00bb48px\u00a0\u00bb header_2_font_size_phone=\u00a0\u00bb36px\u00a0\u00bb header_2_font_size_last_edited=\u00a0\u00bbon|desktop\u00a0\u00bb locked=\u00a0\u00bboff\u00a0\u00bb global_colors_info=\u00a0\u00bb{}\u00a0\u00bb]<\/p>\n<h2>Articles connexes<\/h2>\n<p>[\/et_pb_text][et_pb_text _builder_version=\u00a0\u00bb4.16&Prime; text_font=\u00a0\u00bbCardo|700|||||||\u00a0\u00bb text_text_color=\u00a0\u00bbrgba(0,0,0,0.06)\u00a0\u00bb text_font_size=\u00a0\u00bb120px\u00a0\u00bb text_line_height=\u00a0\u00bb1.2em\u00a0\u00bb min_height=\u00a0\u00bb71px\u00a0\u00bb custom_margin=\u00a0\u00bb-120px|||-120px|false|false\u00a0\u00bb custom_margin_tablet=\u00a0\u00bb-90px|||-60px|false|false\u00a0\u00bb custom_margin_phone=\u00a0\u00bb-70px|||-40px|false|false\u00a0\u00bb custom_margin_last_edited=\u00a0\u00bbon|desktop\u00a0\u00bb custom_padding=\u00a0\u00bb||0px|||\u00a0\u00bb text_font_size_tablet=\u00a0\u00bb80px\u00a0\u00bb text_font_size_phone=\u00a0\u00bb60px\u00a0\u00bb text_font_size_last_edited=\u00a0\u00bbon|desktop\u00a0\u00bb locked=\u00a0\u00bboff\u00a0\u00bb global_colors_info=\u00a0\u00bb{}\u00a0\u00bb][\/et_pb_text][et_pb_blog fullwidth=\u00a0\u00bboff\u00a0\u00bb posts_number=\u00a0\u00bb3&Prime; include_categories=\u00a0\u00bbcurrent\u00a0\u00bb show_thumbnail=\u00a0\u00bboff\u00a0\u00bb show_more=\u00a0\u00bbon\u00a0\u00bb show_author=\u00a0\u00bboff\u00a0\u00bb show_excerpt=\u00a0\u00bboff\u00a0\u00bb show_pagination=\u00a0\u00bboff\u00a0\u00bb _builder_version=\u00a0\u00bb4.16&Prime; header_font=\u00a0\u00bbCardo|700|||||||\u00a0\u00bb header_font_size=\u00a0\u00bb22px\u00a0\u00bb header_line_height=\u00a0\u00bb1.4em\u00a0\u00bb meta_font_size=\u00a0\u00bb12px\u00a0\u00bb meta_line_height=\u00a0\u00bb1.8em\u00a0\u00bb read_more_font=\u00a0\u00bb|600||on|||||\u00a0\u00bb read_more_text_color=\u00a0\u00bbgcid-1ba3a96e-9d31-4f54-aae7-420968453e89&Prime; read_more_font_size=\u00a0\u00bb12px\u00a0\u00bb read_more_letter_spacing=\u00a0\u00bb4px\u00a0\u00bb read_more_line_height=\u00a0\u00bb1.8em\u00a0\u00bb text_orientation=\u00a0\u00bbcenter\u00a0\u00bb custom_margin=\u00a0\u00bb-5px||||false|false\u00a0\u00bb custom_padding=\u00a0\u00bb0px||||false|false\u00a0\u00bb border_color_all=\u00a0\u00bb#e6e6e6&Prime; global_colors_info=\u00a0\u00bb{%22gcid-1ba3a96e-9d31-4f54-aae7-420968453e89%22:%91%22read_more_text_color%22%93}\u00a0\u00bb][\/et_pb_blog][\/et_pb_column][\/et_pb_row][\/et_pb_section]<\/p>\n","protected":false},"excerpt":{"rendered":"<p>Jusqu&rsquo;au d\u00e9but des ann\u00e9es 1950, le presbyt\u00e8re protestant se trouvait au num\u00e9ro 3 de la Bahnhofstra\u00dfe. Le b\u00e2timent actuel a \u00e9t\u00e9 construit en 1836\/37. L&rsquo;arc de porte de style baroque tardif dans le mur de la cour date toutefois d&rsquo;une p\u00e9riode de construction ant\u00e9rieure.Le b\u00e2timent qui a pr\u00e9c\u00e9d\u00e9 la cour actuelle remonterait au Moyen \u00c2ge. [&hellip;]<\/p>\n","protected":false},"author":2,"featured_media":5408,"comment_status":"closed","ping_status":"closed","sticky":false,"template":"","format":"standard","meta":{"_et_pb_use_builder":"on","_et_pb_old_content":"","_et_gb_content_width":"","footnotes":""},"categories":[47,43,84,50],"tags":[],"class_list":["post-5414","post","type-post","status-publish","format-standard","has-post-thumbnail","hentry","category-chronique","category-histoire-locale","category-eglises-dans-harxheim","category-points-dinteret-de-harxheim"],"_links":{"self":[{"href":"https:\/\/doku-harxheim.de\/fr\/wp-json\/wp\/v2\/posts\/5414","targetHints":{"allow":["GET"]}}],"collection":[{"href":"https:\/\/doku-harxheim.de\/fr\/wp-json\/wp\/v2\/posts"}],"about":[{"href":"https:\/\/doku-harxheim.de\/fr\/wp-json\/wp\/v2\/types\/post"}],"author":[{"embeddable":true,"href":"https:\/\/doku-harxheim.de\/fr\/wp-json\/wp\/v2\/users\/2"}],"replies":[{"embeddable":true,"href":"https:\/\/doku-harxheim.de\/fr\/wp-json\/wp\/v2\/comments?post=5414"}],"version-history":[{"count":6,"href":"https:\/\/doku-harxheim.de\/fr\/wp-json\/wp\/v2\/posts\/5414\/revisions"}],"predecessor-version":[{"id":5428,"href":"https:\/\/doku-harxheim.de\/fr\/wp-json\/wp\/v2\/posts\/5414\/revisions\/5428"}],"wp:featuredmedia":[{"embeddable":true,"href":"https:\/\/doku-harxheim.de\/fr\/wp-json\/wp\/v2\/media\/5408"}],"wp:attachment":[{"href":"https:\/\/doku-harxheim.de\/fr\/wp-json\/wp\/v2\/media?parent=5414"}],"wp:term":[{"taxonomy":"category","embeddable":true,"href":"https:\/\/doku-harxheim.de\/fr\/wp-json\/wp\/v2\/categories?post=5414"},{"taxonomy":"post_tag","embeddable":true,"href":"https:\/\/doku-harxheim.de\/fr\/wp-json\/wp\/v2\/tags?post=5414"}],"curies":[{"name":"wp","href":"https:\/\/api.w.org\/{rel}","templated":true}]}}