{"id":4450,"date":"2023-03-26T12:35:43","date_gmt":"2023-03-26T12:35:43","guid":{"rendered":"http:\/\/doku-harxheim.de\/harxheimer-adressenliste-von-1906"},"modified":"2023-08-15T13:33:00","modified_gmt":"2023-08-15T13:33:00","slug":"harxheimer-adressenliste-von-1906","status":"publish","type":"post","link":"https:\/\/doku-harxheim.de\/fr\/harxheimer-adressenliste-von-1906","title":{"rendered":"Liste d&rsquo;adresses de Harxheim de 1906"},"content":{"rendered":"<p>[et_pb_section fb_built=\u00a0\u00bb1&Prime; _builder_version=\u00a0\u00bb4.16&Prime; min_height=\u00a0\u00bb151px\u00a0\u00bb custom_margin=\u00a0\u00bb||||false|false\u00a0\u00bb custom_padding=\u00a0\u00bb0px||6px||false|false\u00a0\u00bb global_colors_info=\u00a0\u00bb{}\u00a0\u00bb][et_pb_row _builder_version=\u00a0\u00bb4.16&Prime; custom_margin=\u00a0\u00bb||||false|false\u00a0\u00bb custom_padding=\u00a0\u00bb0px||||false|false\u00a0\u00bb global_colors_info=\u00a0\u00bb{}\u00a0\u00bb][et_pb_column type=\u00a0\u00bb4_4&Prime; _builder_version=\u00a0\u00bb4.16&Prime; global_colors_info=\u00a0\u00bb{}\u00a0\u00bb][et_pb_post_title title=\u00a0\u00bboff\u00a0\u00bb categories=\u00a0\u00bboff\u00a0\u00bb comments=\u00a0\u00bboff\u00a0\u00bb featured_image=\u00a0\u00bboff\u00a0\u00bb _builder_version=\u00a0\u00bb4.16&Prime; meta_font=\u00a0\u00bb|700||on|||||\u00a0\u00bb meta_text_color=\u00a0\u00bbgcid-1ba3a96e-9d31-4f54-aae7-420968453e89&Prime; meta_font_size=\u00a0\u00bb12px\u00a0\u00bb meta_letter_spacing=\u00a0\u00bb1px\u00a0\u00bb global_colors_info=\u00a0\u00bb{%22gcid-1ba3a96e-9d31-4f54-aae7-420968453e89%22:%91%22meta_text_color%22%93}\u00a0\u00bb custom_margin=\u00a0\u00bb||2px|||\u00a0\u00bb][\/et_pb_post_title][et_pb_post_title meta=\u00a0\u00bboff\u00a0\u00bb featured_image=\u00a0\u00bboff\u00a0\u00bb _builder_version=\u00a0\u00bb4.16&Prime; title_font=\u00a0\u00bbMontserrat|700|||||||\u00a0\u00bb title_font_size=\u00a0\u00bb50px\u00a0\u00bb title_line_height=\u00a0\u00bb1.2em\u00a0\u00bb custom_margin=\u00a0\u00bb||-16px|||\u00a0\u00bb title_font_size_tablet=\u00a0\u00bb50px\u00a0\u00bb title_font_size_phone=\u00a0\u00bb24px\u00a0\u00bb title_font_size_last_edited=\u00a0\u00bbon|desktop\u00a0\u00bb locked=\u00a0\u00bboff\u00a0\u00bb global_colors_info=\u00a0\u00bb{}\u00a0\u00bb][\/et_pb_post_title][\/et_pb_column][\/et_pb_row][et_pb_row _builder_version=\u00a0\u00bb4.16&Prime; _module_preset=\u00a0\u00bbdefault\u00a0\u00bb global_colors_info=\u00a0\u00bb{}\u00a0\u00bb custom_padding=\u00a0\u00bb8px||1px|||\u00a0\u00bb][et_pb_column type=\u00a0\u00bb4_4&Prime; _builder_version=\u00a0\u00bb4.16&Prime; _module_preset=\u00a0\u00bbdefault\u00a0\u00bb global_colors_info=\u00a0\u00bb{}\u00a0\u00bb][et_pb_text _builder_version=\u00a0\u00bb4.19.5&Prime; _module_preset=\u00a0\u00bbdefault\u00a0\u00bb header_2_font_size=\u00a0\u00bb19px\u00a0\u00bb global_colors_info=\u00a0\u00bb{}\u00a0\u00bb]<\/p>\n<h4><em>La liste d&rsquo;adresses pour Harxheim de 1906 peut \u00eatre consult\u00e9e <span style=\"text-decoration: underline;\"><a href=\"http:\/\/www.dilibri.de\/rlb\/content\/pageview\/1365858\">peut \u00eatre consult\u00e9e ici<\/a> <\/span>peut \u00eatre consult\u00e9e. Il s&rsquo;agit d&rsquo;un document int\u00e9ressant sur l&rsquo;histoire contemporaine &#8211; et pas seulement pour les habitants de Harxheim de longue date, dont les noms de famille figuraient d\u00e9j\u00e0 dans la liste \u00e0 l&rsquo;\u00e9poque.<\/em><\/h4>\n<p>[\/et_pb_text][\/et_pb_column][\/et_pb_row][et_pb_row column_structure=\u00a0\u00bb1_2,1_2&Prime; _builder_version=\u00a0\u00bb4.19.5&Prime; _module_preset=\u00a0\u00bbdefault\u00a0\u00bb global_colors_info=\u00a0\u00bb{}\u00a0\u00bb][et_pb_column type=\u00a0\u00bb1_2&Prime; _builder_version=\u00a0\u00bb4.19.5&Prime; _module_preset=\u00a0\u00bbdefault\u00a0\u00bb global_colors_info=\u00a0\u00bb{}\u00a0\u00bb][et_pb_text _builder_version=\u00a0\u00bb4.19.5&Prime; _module_preset=\u00a0\u00bbdefault\u00a0\u00bb global_colors_info=\u00a0\u00bb{}\u00a0\u00bb]Dans le Landes-Adressbuch f\u00fcr das Gro\u00dfherzogtum Hessen de 1906, 2e volume : Province de Hesse rh\u00e9nane, 140 entr\u00e9es apparaissent aux pages 252 &#8211; 253 avec les habitants de Harxheim de l&rsquo;\u00e9poque. Outre le nom, le pr\u00e9nom et un num\u00e9ro de rue, la profession et &#8211; s&rsquo;il s&rsquo;agissait d&rsquo;une riveraine veuve &#8211; la situation familiale sont \u00e9galement mentionn\u00e9es. La plupart des entr\u00e9es concernent des hommes. Les femmes ne sont probablement mentionn\u00e9es que lorsqu&rsquo;aucun homme ne faisait partie du m\u00e9nage concern\u00e9 (voir par exemple Barbara, Katharina et Sabine Lambinet). De nombreux noms de famille, notamment ceux qui apparaissent plusieurs fois dans la liste en raison de plusieurs souches familiales, sont encore repr\u00e9sent\u00e9s aujourd&rsquo;hui \u00e0 Harxheim.[\/et_pb_text][et_pb_text _builder_version=\u00a0\u00bb4.19.5&Prime; _module_preset=\u00a0\u00bbdefault\u00a0\u00bb global_colors_info=\u00a0\u00bb{}\u00a0\u00bb]Les num\u00e9ros qui apparaissent \u00e0 la fin des inscriptions, apparemment les num\u00e9ros de maison, ne correspondent pas aux adresses actuelles avec indication du nom de la rue et du num\u00e9ro de la maison. Il est \u00e9vident qu&rsquo;\u00e0 l&rsquo;\u00e9poque, les maisons \u00e9taient num\u00e9rot\u00e9es en commen\u00e7ant par 1, sans distinction de rue. Au num\u00e9ro 1 habitait la veuve de l&rsquo;agriculteur Johann Georg Happel III, au num\u00e9ro 119, qui semble le plus \u00e9lev\u00e9, habitait l&rsquo;agriculteur Heinrich Brehm.[\/et_pb_text][\/et_pb_column][et_pb_column type=\u00a0\u00bb1_2&Prime; _builder_version=\u00a0\u00bb4.19.5&Prime; _module_preset=\u00a0\u00bbdefault\u00a0\u00bb global_colors_info=\u00a0\u00bb{}\u00a0\u00bb][et_pb_image src=\u00a0\u00bbhttp:\/\/doku-harxheim.de\/wp-content\/uploads\/2023\/03\/CHR-Ort-26-Anlage-1-Adressenliste-Harxheim-von-1906-mod-Bild_Seite_1-scaled.jpg\u00a0\u00bb title_text=\u00a0\u00bbCHR Lieu 26 Annexe 1 Liste d&apos;adresses de Harxheim de 1906 mod Bild_Seite_1&Prime; url=\u00a0\u00bbhttp:\/\/doku-harxheim.de\/wp-content\/uploads\/2023\/03\/CHR-Ort-26-Anlage-1-Adressenliste-Harxheim-von-1906-mod.pdf\u00a0\u00bb url_new_window=\u00a0\u00bbon\u00a0\u00bb _builder_version=\u00a0\u00bb4.19.5&Prime; _module_preset=\u00a0\u00bbdefault\u00a0\u00bb max_width=\u00a0\u00bb88%\u00a0\u00bb module_alignment=\u00a0\u00bbcenter\u00a0\u00bb box_shadow_style=\u00a0\u00bbpreset2&Prime; global_colors_info=\u00a0\u00bb{}\u00a0\u00bb][\/et_pb_image][et_pb_text _builder_version=\u00a0\u00bb4.22.0&Prime; _module_preset=\u00a0\u00bbdefault\u00a0\u00bb text_font_size=\u00a0\u00bb13px\u00a0\u00bb custom_margin=\u00a0\u00bb26px||-1px|||\u00a0\u00bb hover_enabled=\u00a0\u00bb0&Prime; global_colors_info=\u00a0\u00bb{}\u00a0\u00bb sticky_enabled=\u00a0\u00bb0&Prime;]<\/p>\n<p style=\"text-align: center;\">Annexe 1 (Liste d&rsquo;adresses de Harxheim de 1906)<\/p>\n<p>[\/et_pb_text][et_pb_text _builder_version=\u00a0\u00bb4.22.0&Prime; _module_preset=\u00a0\u00bbdefault\u00a0\u00bb text_font_size=\u00a0\u00bb8px\u00a0\u00bb hover_enabled=\u00a0\u00bb0&Prime; global_colors_info=\u00a0\u00bb{}\u00a0\u00bb sticky_enabled=\u00a0\u00bb0&Prime;]<\/p>\n<p style=\"text-align: center;\">Source : Landes-Adressbuch f\u00fcr das Gro\u00dfherzogtum Hessen de 1906, 2\u00e8me volume<\/p>\n<p>[\/et_pb_text][\/et_pb_column][\/et_pb_row][et_pb_row _builder_version=\u00a0\u00bb4.19.5&Prime; _module_preset=\u00a0\u00bbdefault\u00a0\u00bb global_colors_info=\u00a0\u00bb{}\u00a0\u00bb][et_pb_column type=\u00a0\u00bb4_4&Prime; _builder_version=\u00a0\u00bb4.19.5&Prime; _module_preset=\u00a0\u00bbdefault\u00a0\u00bb global_colors_info=\u00a0\u00bb{}\u00a0\u00bb][et_pb_text _builder_version=\u00a0\u00bb4.19.5&Prime; _module_preset=\u00a0\u00bbdefault\u00a0\u00bb global_colors_info=\u00a0\u00bb{}\u00a0\u00bb custom_margin=\u00a0\u00bb||0px|||\u00a0\u00bb]<\/p>\n<h4>Transfert des anciens num\u00e9ros d&rsquo;adresse vers les adresses actuelles<\/h4>\n<p>[\/et_pb_text][et_pb_text _builder_version=\u00a0\u00bb4.19.5&Prime; _module_preset=\u00a0\u00bbdefault\u00a0\u00bb global_colors_info=\u00a0\u00bb{}\u00a0\u00bb]Il serait maintenant int\u00e9ressant de savoir selon quel syst\u00e8me la num\u00e9rotation a \u00e9t\u00e9 effectu\u00e9e \u00e0 l&rsquo;\u00e9poque et quelle serait l&rsquo;adresse actuelle d&rsquo;un num\u00e9ro apparaissant dans la liste d&rsquo;adresses. C&rsquo;est l\u00e0 qu&rsquo;un plan d&rsquo;am\u00e9nagement local de 1897, qui a \u00e9t\u00e9 conserv\u00e9 et dans lequel les noms des propri\u00e9taires de l&rsquo;\u00e9poque sont inscrits dans les parcelles, peut aider :[\/et_pb_text][\/et_pb_column][\/et_pb_row][et_pb_row _builder_version=\u00a0\u00bb4.19.5&Prime; _module_preset=\u00a0\u00bbdefault\u00a0\u00bb global_colors_info=\u00a0\u00bb{}\u00a0\u00bb][et_pb_column type=\u00a0\u00bb4_4&Prime; _builder_version=\u00a0\u00bb4.19.5&Prime; _module_preset=\u00a0\u00bbdefault\u00a0\u00bb global_colors_info=\u00a0\u00bb{}\u00a0\u00bb][et_pb_image src=\u00a0\u00bbhttp:\/\/doku-harxheim.de\/wp-content\/uploads\/2023\/03\/CHR-Ort-26-B1-Adressliste-Harxheim-1906-scaled.jpg\u00a0\u00bb title_text=\u00a0\u00bbCHR Lieu 26 B1 Liste d&apos;adresses Harxheim 1906&Prime; show_in_lightbox=\u00a0\u00bbon\u00a0\u00bb _builder_version=\u00a0\u00bb4.19.5&Prime; _module_preset=\u00a0\u00bbdefault\u00a0\u00bb box_shadow_style=\u00a0\u00bbpreset2&Prime; global_colors_info=\u00a0\u00bb{}\u00a0\u00bb][\/et_pb_image][et_pb_text _builder_version=\u00a0\u00bb4.22.0&Prime; _module_preset=\u00a0\u00bbdefault\u00a0\u00bb text_font_size=\u00a0\u00bb13px\u00a0\u00bb custom_margin=\u00a0\u00bb26px||-1px|||\u00a0\u00bb hover_enabled=\u00a0\u00bb0&Prime; global_colors_info=\u00a0\u00bb{}\u00a0\u00bb sticky_enabled=\u00a0\u00bb0&Prime;]<\/p>\n<p style=\"text-align: center;\">Plan d&rsquo;am\u00e9nagement local de Harxheim de 1897<\/p>\n<p>[\/et_pb_text][et_pb_text _builder_version=\u00a0\u00bb4.22.0&Prime; _module_preset=\u00a0\u00bbdefault\u00a0\u00bb text_font_size=\u00a0\u00bb8px\u00a0\u00bb hover_enabled=\u00a0\u00bb0&Prime; global_colors_info=\u00a0\u00bb{}\u00a0\u00bb sticky_enabled=\u00a0\u00bb0&Prime; custom_margin=\u00a0\u00bb||5px|||\u00a0\u00bb]<\/p>\n<p style=\"text-align: center;\">Source de l&rsquo;image : Irmgard Kaiser-Vreke<\/p>\n<p>[\/et_pb_text][et_pb_text _builder_version=\u00a0\u00bb4.19.5&Prime; _module_preset=\u00a0\u00bbdefault\u00a0\u00bb global_colors_info=\u00a0\u00bb{}\u00a0\u00bb]Il convient de pr\u00e9ciser que la liste d&rsquo;adresses a \u00e9t\u00e9 publi\u00e9e neuf ans plus tard que le plan d&rsquo;am\u00e9nagement local et que, par cons\u00e9quent, des changements de propri\u00e9t\u00e9 ont pu intervenir entre-temps. De plus, toutes les parcelles ne sont pas nomm\u00e9es. N\u00e9anmoins, le plan et les informations compl\u00e9mentaires fournies par les habitants de Harxheim permettent de bien identifier le syst\u00e8me de num\u00e9rotation de l&rsquo;\u00e9poque. Dans la plupart des cas, il est \u00e9galement possible de faire correspondre le num\u00e9ro d&rsquo;adresse de l&rsquo;\u00e9poque \u00e0 une adresse actuelle.[\/et_pb_text][et_pb_text _builder_version=\u00a0\u00bb4.19.5&Prime; _module_preset=\u00a0\u00bbdefault\u00a0\u00bb global_colors_info=\u00a0\u00bb{}\u00a0\u00bb]Le num\u00e9ro 1 de l&rsquo;\u00e9poque est aujourd&rsquo;hui l&rsquo;Obergasse 1. Le num\u00e9ro 119, le plus \u00e9lev\u00e9, est aujourd&rsquo;hui le Mainzer Stra\u00dfe 4 (\u00e0 droite, en face du <a href=\"https:\/\/doku-harxheim.de\/fr\/der-rohrbrunnen-2\" target=\"_blank\" rel=\"noopener\">R\u00f6hrbrunnen<\/a>). Le num\u00e9ro 1 et le num\u00e9ro 119 sont donc presque face \u00e0 face. La num\u00e9rotation faisait donc manifestement un grand tour \u00e0 travers Harxheim. Du num\u00e9ro 1, elle allait dans le sens inverse des aiguilles d&rsquo;une montre \u00e0 travers l&rsquo;actuelle Obergasse jusqu&rsquo;\u00e0 la Untergasse. Dans la Untergasse, les num\u00e9ros continuaient d&rsquo;abord jusqu&rsquo;\u00e0 la sortie ouest du village (aujourd&rsquo;hui <a href=\"http:\/\/www.weinbau-schenk.de\/\" target=\"_blank\" rel=\"noopener\">le domaine viticole Schenk<\/a>), puis revenaient par la Untergasse jusqu&rsquo;\u00e0 la <a href=\"https:\/\/doku-harxheim.de\/fr\/die-ortswaagen-die-waage-in-der-untergasse\" target=\"_blank\" rel=\"noopener\">place de la Balance<\/a>. De l\u00e0, nous avons emprunt\u00e9 la Enggasse jusqu&rsquo;\u00e0 la sortie sud du village, dans la Gaustra\u00dfe, en face de l&rsquo;<a href=\"https:\/\/doku-harxheim.de\/fr\/evangelische-kirche\" target=\"_blank\" rel=\"noopener\">\u00e9glise protestante<\/a>. Les num\u00e9ros se dirigeaient ensuite \u00e0 nouveau vers le nord \u00e0 travers la Gaustra\u00dfe &#8211; en tenant compte au pr\u00e9alable des quelques maisons de l&rsquo;\u00e9poque dans la Bahnhofstra\u00dfe &#8211; jusqu&rsquo;\u00e0 l&rsquo;actuel croisement de la Gaustra\u00dfe, de la Obergasse et de la Mainzer Stra\u00dfe. La suite de la num\u00e9rotation commence \u00e0 la sortie nord de la ville (aujourd&rsquo;hui Mainzer Stra\u00dfe), en dessous de l&rsquo;<a href=\"https:\/\/doku-harxheim.de\/fr\/geschichte-der-schulen-in-harxheim\" target=\"_blank\" rel=\"noopener\">ancienne \u00e9cole<\/a>, et se poursuit \u00e0 travers l&rsquo;actuelle Mainzer Stra\u00dfe jusqu&rsquo;\u00e0 son <a href=\"https:\/\/doku-harxheim.de\/fr\/der-rohrbrunnen-2\" target=\"_blank\" rel=\"noopener\">point final, \u00e0 l&rsquo;ancien Rindssteig<\/a>.[\/et_pb_text][\/et_pb_column][\/et_pb_row][et_pb_row column_structure=\u00a0\u00bb2_5,3_5&Prime; _builder_version=\u00a0\u00bb4.19.5&Prime; _module_preset=\u00a0\u00bbdefault\u00a0\u00bb global_colors_info=\u00a0\u00bb{}\u00a0\u00bb][et_pb_column type=\u00a0\u00bb2_5&Prime; _builder_version=\u00a0\u00bb4.19.5&Prime; _module_preset=\u00a0\u00bbdefault\u00a0\u00bb global_colors_info=\u00a0\u00bb{}\u00a0\u00bb][et_pb_text _builder_version=\u00a0\u00bb4.19.5&Prime; _module_preset=\u00a0\u00bbdefault\u00a0\u00bb global_colors_info=\u00a0\u00bb{}\u00a0\u00bb]Sur cette base, les adresses actuelles peuvent \u00eatre attribu\u00e9es aux entr\u00e9es d&rsquo;adresses de l&rsquo;\u00e9poque, en grande partie selon la liste suivante :[\/et_pb_text][\/et_pb_column][et_pb_column type=\u00a0\u00bb3_5&Prime; _builder_version=\u00a0\u00bb4.19.5&Prime; _module_preset=\u00a0\u00bbdefault\u00a0\u00bb global_colors_info=\u00a0\u00bb{}\u00a0\u00bb][et_pb_image src=\u00a0\u00bbhttp:\/\/doku-harxheim.de\/wp-content\/uploads\/2023\/03\/CHR-Ort-26-thumb-Anlage-2-Adressliste-Harxheim-1906-inkl.-heutiger-Adressen.jpg\u00a0\u00bb title_text=\u00a0\u00bbCHR Lieu 26 thumb Annexe 2 Liste d&apos;adresses Harxheim 1906 incl. adresses actuelles\u00a0\u00bb url=\u00a0\u00bbhttp:\/\/doku-harxheim.de\/wp-content\/uploads\/2023\/03\/CHR-Ort-26-Anlage-2-Adressliste-Harxheim-1906-inkl.-heutiger-Adressen.pdf\u00a0\u00bb url_new_window=\u00a0\u00bbon\u00a0\u00bb _builder_version=\u00a0\u00bb4.19.5&Prime; _module_preset=\u00a0\u00bbdefault\u00a0\u00bb max_width=\u00a0\u00bb43%\u00a0\u00bb module_alignment=\u00a0\u00bbcenter\u00a0\u00bb box_shadow_style=\u00a0\u00bbpreset2&Prime; global_colors_info=\u00a0\u00bb{}\u00a0\u00bb][\/et_pb_image][et_pb_text _builder_version=\u00a0\u00bb4.22.0&Prime; _module_preset=\u00a0\u00bbdefault\u00a0\u00bb text_font_size=\u00a0\u00bb13px\u00a0\u00bb custom_margin=\u00a0\u00bb26px||-1px|||\u00a0\u00bb hover_enabled=\u00a0\u00bb0&Prime; global_colors_info=\u00a0\u00bb{}\u00a0\u00bb sticky_enabled=\u00a0\u00bb0&Prime;]<\/p>\n<p style=\"text-align: center;\">Annexe 2 (Liste d&rsquo;adresses de Harxheim de 1906, y compris les adresses actuelles)<\/p>\n<p>[\/et_pb_text][et_pb_text _builder_version=\u00a0\u00bb4.22.0&Prime; _module_preset=\u00a0\u00bbdefault\u00a0\u00bb text_font_size=\u00a0\u00bb8px\u00a0\u00bb hover_enabled=\u00a0\u00bb0&Prime; global_colors_info=\u00a0\u00bb{}\u00a0\u00bb sticky_enabled=\u00a0\u00bb0&Prime;]<\/p>\n<p style=\"text-align: center;\">Source : Birgit Korte<\/p>\n<p>[\/et_pb_text][\/et_pb_column][\/et_pb_row][et_pb_row _builder_version=\u00a0\u00bb4.19.5&Prime; _module_preset=\u00a0\u00bbdefault\u00a0\u00bb global_colors_info=\u00a0\u00bb{}\u00a0\u00bb][et_pb_column type=\u00a0\u00bb4_4&Prime; _builder_version=\u00a0\u00bb4.19.5&Prime; _module_preset=\u00a0\u00bbdefault\u00a0\u00bb global_colors_info=\u00a0\u00bb{}\u00a0\u00bb][et_pb_text _builder_version=\u00a0\u00bb4.19.5&Prime; _module_preset=\u00a0\u00bbdefault\u00a0\u00bb global_colors_info=\u00a0\u00bb{}\u00a0\u00bb custom_margin=\u00a0\u00bb||0px|||\u00a0\u00bb]<\/p>\n<h4>Quelles \u00e9taient les professions des habitants de Harxheim en 1906 ?<\/h4>\n<p>[\/et_pb_text][et_pb_text _builder_version=\u00a0\u00bb4.19.5&Prime; _module_preset=\u00a0\u00bbdefault\u00a0\u00bb global_colors_info=\u00a0\u00bb{}\u00a0\u00bb]Outre les num\u00e9ros d&rsquo;adresse de l&rsquo;\u00e9poque, les informations sur les professions sont \u00e9galement int\u00e9ressantes. Bien s\u00fbr, \u00e0 l&rsquo;\u00e9poque, il y avait beaucoup plus d&rsquo;agriculteurs \u00e0 Harxheim. Il est probable qu&rsquo;ils produisaient \u00e9galement du vin, mais il s&rsquo;agissait g\u00e9n\u00e9ralement d&rsquo;exploitations agricoles mixtes. Ainsi, il n&rsquo;y avait qu&rsquo;un seul viticulteur dans la liste d&rsquo;adresses. Les commer\u00e7ants qui proposaient des produits et des services sur place \u00e9taient beaucoup plus nombreux qu&rsquo;aujourd&rsquo;hui.[\/et_pb_text][et_pb_text _builder_version=\u00a0\u00bb4.19.5&Prime; _module_preset=\u00a0\u00bbdefault\u00a0\u00bb global_colors_info=\u00a0\u00bb{}\u00a0\u00bb]Parmi les 140 personnes indiqu\u00e9es dans la liste d&rsquo;adresses, 48 sont des agriculteurs, 24 des journaliers et 13 des particuliers. En outre, Harxheim comptait \u00e0 l&rsquo;\u00e9poque trois boulangers, six employ\u00e9s des chemins de fer (\u00e0 l&rsquo;\u00e9poque, Harxheim avait \u00e9galement une <a href=\"https:\/\/doku-harxheim.de\/fr\/la-gare-de-harxheim-loerzweiler\" target=\"_blank\" rel=\"noopener\">gare<\/a>), un barbier, un garde-champ\u00eatre, deux charretiers, trois aubergistes, un receveur communal, un commer\u00e7ant, une institutrice pour enfants en bas \u00e2ge et deux instituteurs (un protestant et un catholique), un mercier, deux m\u00e9tiers \u00e0 tisser, quatre ma\u00e7ons, cinq bouchers, un facteur, un forgeron, trois tailleurs, un menuisier, trois cordonniers, un cantonnier, un marchand de b\u00e9tail, un charron, quatre marchands de vin (3x Lotz et 1x Herdt) et un vigneron (Philipp III. Dei\u00df). Apparaissent \u00e9galement un agent, un agent des chemins de fer et un adjoint, et bien s\u00fbr le maire, alors Philipp Heinrich Frie\u00df, et le pasteur (protestant), alors Hermann Weigold.[\/et_pb_text][\/et_pb_column][\/et_pb_row][\/et_pb_section][et_pb_section fb_built=\u00a0\u00bb1&Prime; _builder_version=\u00a0\u00bb4.16&Prime; _module_preset=\u00a0\u00bbdefault\u00a0\u00bb custom_padding=\u00a0\u00bb1px||3px|||\u00a0\u00bb global_colors_info=\u00a0\u00bb{}\u00a0\u00bb][et_pb_row _builder_version=\u00a0\u00bb4.16&Prime; _module_preset=\u00a0\u00bbdefault\u00a0\u00bb global_colors_info=\u00a0\u00bb{}\u00a0\u00bb][et_pb_column type=\u00a0\u00bb4_4&Prime; _builder_version=\u00a0\u00bb4.16&Prime; _module_preset=\u00a0\u00bbdefault\u00a0\u00bb global_colors_info=\u00a0\u00bb{}\u00a0\u00bb][et_pb_text _builder_version=\u00a0\u00bb4.16&Prime; _module_preset=\u00a0\u00bbdefault\u00a0\u00bb text_font_size=\u00a0\u00bb11px\u00a0\u00bb min_height=\u00a0\u00bb10.8px\u00a0\u00bb custom_margin=\u00a0\u00bb||8px|||\u00a0\u00bb global_colors_info=\u00a0\u00bb{}\u00a0\u00bb]<strong>R\u00e9f\u00e9rences des sources :<\/strong>[\/et_pb_text][et_pb_text _builder_version=\u00a0\u00bb4.19.5&Prime; _module_preset=\u00a0\u00bbdefault\u00a0\u00bb text_font_size=\u00a0\u00bb9px\u00a0\u00bb global_colors_info=\u00a0\u00bb{}\u00a0\u00bb]Landes-Adre\u00dfbuch f\u00fcr das Gro\u00dfherzogtum Hessen (Livre d&rsquo;adresses du Grand-Duch\u00e9 de Hesse). IIe volume : Province de Hesse rh\u00e9nane. Darmstadt. 1906. <a href=\"https:\/\/www.dilibri.de\/rlb\/content\/pageview\/1365858\">https:\/\/www.dilibri.de\/rlb\/content\/pageview\/1365858,<\/a> pris le 21.12.2021<\/p>\n<p>Lors de l&rsquo;attribution des anciens num\u00e9ros de maison aux adresses actuelles, de nombreuses indications utiles ont \u00e9t\u00e9 fournies par Klaus-Werner Fritzsch.[\/et_pb_text][et_pb_divider _builder_version=\u00a0\u00bb4.22.0&Prime; _module_preset=\u00a0\u00bbdefault\u00a0\u00bb hover_enabled=\u00a0\u00bb0&Prime; sticky_enabled=\u00a0\u00bb0&Prime;][\/et_pb_divider][\/et_pb_column][\/et_pb_row][\/et_pb_section][et_pb_section fb_built=\u00a0\u00bb1&Prime; admin_label=\u00a0\u00bbRelated Articles\u00a0\u00bb _builder_version=\u00a0\u00bb4.16&Prime; min_height=\u00a0\u00bb357.3px\u00a0\u00bb custom_margin=\u00a0\u00bb||-65px|||\u00a0\u00bb custom_padding=\u00a0\u00bb0px|||||\u00a0\u00bb global_colors_info=\u00a0\u00bb{}\u00a0\u00bb][et_pb_row _builder_version=\u00a0\u00bb4.16&Prime; global_colors_info=\u00a0\u00bb{}\u00a0\u00bb][et_pb_column type=\u00a0\u00bb4_4&Prime; _builder_version=\u00a0\u00bb4.16&Prime; global_colors_info=\u00a0\u00bb{}\u00a0\u00bb][et_pb_text _builder_version=\u00a0\u00bb4.20.2&Prime; header_2_font=\u00a0\u00bbMontserrat|700|||||||\u00a0\u00bb header_2_font_size=\u00a0\u00bb70px\u00a0\u00bb header_2_line_height=\u00a0\u00bb1.2em\u00a0\u00bb header_3_font=\u00a0\u00bb|600|||||||\u00a0\u00bb header_3_font_size=\u00a0\u00bb25px\u00a0\u00bb max_width=\u00a0\u00bb750px\u00a0\u00bb header_2_font_size_tablet=\u00a0\u00bb48px\u00a0\u00bb header_2_font_size_phone=\u00a0\u00bb36px\u00a0\u00bb header_2_font_size_last_edited=\u00a0\u00bbon|desktop\u00a0\u00bb locked=\u00a0\u00bboff\u00a0\u00bb global_colors_info=\u00a0\u00bb{}\u00a0\u00bb custom_margin=\u00a0\u00bb||-5px|||\u00a0\u00bb]<\/p>\n<h3>Plus de contributions<\/h3>\n<p>[\/et_pb_text][et_pb_text admin_label=\u00a0\u00bbRelated post slider\u00a0\u00bb _builder_version=\u00a0\u00bb4.20.2&Prime; _module_preset=\u00a0\u00bbdefault\u00a0\u00bb global_colors_info=\u00a0\u00bb{}\u00a0\u00bb]<\/p>\n<div id=\"psacp-post-carousel-wrap-1\" class=\"psacp-wrap psacp-post-carousel-wrap owl-carousel psacp-design-1 psacp-has-arrows psacp-clearfix\" data-conf=\"{&quot;slide_show&quot;:3,&quot;loop&quot;:true,&quot;arrows&quot;:true,&quot;dots&quot;:true,&quot;autoplay&quot;:true,&quot;autoplay_interval&quot;:5000,&quot;speed&quot;:500,&quot;slide_scroll&quot;:1,&quot;rtl&quot;:false}\"><div class=\"psacp-post-slide psacp-post-8278 psacp-post-standard psacp-has-thumb\">\r\n\t<div class=\"psacp-post-carousel-content\">\r\n\t\t<div class=\"psacp-post-img-bg\" style=\"background-image:url(https:\/\/doku-harxheim.de\/wp-content\/uploads\/2023\/05\/CHR-ORT-02-thumb.jpg);\">\r\n\t\t\t<a class=\"psacp-post-linkoverlay\" href=\"https:\/\/doku-harxheim.de\/fr\/balade-a-travers-lhistoire-de-harxheim\"><\/a>\r\n\t\t\t<div class=\"psacp-post-overlay\">\r\n\t\t\t\t\t\t\t\t<h2 class=\"psacp-post-title\">\r\n\t\t\t\t\t<a href=\"https:\/\/doku-harxheim.de\/fr\/balade-a-travers-lhistoire-de-harxheim\">Balade \u00e0 travers l&rsquo;histoire de Harxheim<\/a>\r\n\t\t\t\t<\/h2>\r\n\r\n\t\t\t\t\t\t\t\t<div class=\"psacp-post-meta psacp-post-meta-up\">\r\n\t\t\t\t\t<span class=\"psacp-post-meta-data psacp-post-author\"><i class=\"psacp-fa fa-solid fa-user\"><\/i>Dorothea Kerzan<\/span><span class=\"psacp-post-meta-sep\"> &ndash; <\/span><span class=\"psacp-post-meta-data psacp-post-date\"><i class=\"psacp-fa fa-regular fa-clock\"><\/i>09\/05\/2023<\/span>\t\t\t\t<\/div>\r\n\t\t\t\t\t\t\t<\/div>\r\n\t\t<\/div>\r\n\r\n\t\t\t<\/div>\r\n<\/div><div class=\"psacp-post-slide psacp-post-2773 psacp-post-standard psacp-has-thumb\">\r\n\t<div class=\"psacp-post-carousel-content\">\r\n\t\t<div class=\"psacp-post-img-bg\" style=\"background-image:url(https:\/\/doku-harxheim.de\/wp-content\/uploads\/2022\/11\/CHR-ORt-16a-thumb.jpg);\">\r\n\t\t\t<a class=\"psacp-post-linkoverlay\" href=\"https:\/\/doku-harxheim.de\/fr\/lhistoire-de-la-hesse-rhenane-avant-1816\"><\/a>\r\n\t\t\t<div class=\"psacp-post-overlay\">\r\n\t\t\t\t\t\t\t\t<h2 class=\"psacp-post-title\">\r\n\t\t\t\t\t<a href=\"https:\/\/doku-harxheim.de\/fr\/lhistoire-de-la-hesse-rhenane-avant-1816\">L&rsquo;histoire de la Hesse rh\u00e9nane avant 1816<\/a>\r\n\t\t\t\t<\/h2>\r\n\r\n\t\t\t\t\t\t\t\t<div class=\"psacp-post-meta psacp-post-meta-up\">\r\n\t\t\t\t\t<span class=\"psacp-post-meta-data psacp-post-author\"><i class=\"psacp-fa fa-solid fa-user\"><\/i>Birgit Korte<\/span><span class=\"psacp-post-meta-sep\"> &ndash; <\/span><span class=\"psacp-post-meta-data psacp-post-date\"><i class=\"psacp-fa fa-regular fa-clock\"><\/i>09\/05\/2023<\/span>\t\t\t\t<\/div>\r\n\t\t\t\t\t\t\t<\/div>\r\n\t\t<\/div>\r\n\r\n\t\t\t<\/div>\r\n<\/div><div class=\"psacp-post-slide psacp-post-2740 psacp-post-standard psacp-has-thumb\">\r\n\t<div class=\"psacp-post-carousel-content\">\r\n\t\t<div class=\"psacp-post-img-bg\" style=\"background-image:url(https:\/\/doku-harxheim.de\/wp-content\/uploads\/2022\/11\/CHR-ORt-16-thumb.jpg);\">\r\n\t\t\t<a class=\"psacp-post-linkoverlay\" href=\"https:\/\/doku-harxheim.de\/fr\/hesse-rhenane\"><\/a>\r\n\t\t\t<div class=\"psacp-post-overlay\">\r\n\t\t\t\t\t\t\t\t<h2 class=\"psacp-post-title\">\r\n\t\t\t\t\t<a href=\"https:\/\/doku-harxheim.de\/fr\/hesse-rhenane\">Hesse rh\u00e9nane<\/a>\r\n\t\t\t\t<\/h2>\r\n\r\n\t\t\t\t\t\t\t\t<div class=\"psacp-post-meta psacp-post-meta-up\">\r\n\t\t\t\t\t<span class=\"psacp-post-meta-data psacp-post-author\"><i class=\"psacp-fa fa-solid fa-user\"><\/i>Birgit Korte<\/span><span class=\"psacp-post-meta-sep\"> &ndash; <\/span><span class=\"psacp-post-meta-data psacp-post-date\"><i class=\"psacp-fa fa-regular fa-clock\"><\/i>09\/05\/2023<\/span>\t\t\t\t<\/div>\r\n\t\t\t\t\t\t\t<\/div>\r\n\t\t<\/div>\r\n\r\n\t\t\t<\/div>\r\n<\/div><div class=\"psacp-post-slide psacp-post-2680 psacp-post-standard psacp-has-thumb\">\r\n\t<div class=\"psacp-post-carousel-content\">\r\n\t\t<div class=\"psacp-post-img-bg\" style=\"background-image:url(https:\/\/doku-harxheim.de\/wp-content\/uploads\/2022\/08\/CHR-Ort-01-Thumb.jpg);\">\r\n\t\t\t<a class=\"psacp-post-linkoverlay\" href=\"https:\/\/doku-harxheim.de\/fr\/le-blason-de-harxheim\"><\/a>\r\n\t\t\t<div class=\"psacp-post-overlay\">\r\n\t\t\t\t\t\t\t\t<h2 class=\"psacp-post-title\">\r\n\t\t\t\t\t<a href=\"https:\/\/doku-harxheim.de\/fr\/le-blason-de-harxheim\">Le blason de Harxheim<\/a>\r\n\t\t\t\t<\/h2>\r\n\r\n\t\t\t\t\t\t\t\t<div class=\"psacp-post-meta psacp-post-meta-up\">\r\n\t\t\t\t\t<span class=\"psacp-post-meta-data psacp-post-author\"><i class=\"psacp-fa fa-solid fa-user\"><\/i>Birgit Korte<\/span><span class=\"psacp-post-meta-sep\"> &ndash; <\/span><span class=\"psacp-post-meta-data psacp-post-date\"><i class=\"psacp-fa fa-regular fa-clock\"><\/i>09\/05\/2023<\/span>\t\t\t\t<\/div>\r\n\t\t\t\t\t\t\t<\/div>\r\n\t\t<\/div>\r\n\r\n\t\t\t<\/div>\r\n<\/div><div class=\"psacp-post-slide psacp-post-2621 psacp-post-standard psacp-has-thumb\">\r\n\t<div class=\"psacp-post-carousel-content\">\r\n\t\t<div class=\"psacp-post-img-bg\" style=\"background-image:url(https:\/\/doku-harxheim.de\/wp-content\/uploads\/2022\/06\/CHR-ORT-17-thumb.jpg);\">\r\n\t\t\t<a class=\"psacp-post-linkoverlay\" href=\"https:\/\/doku-harxheim.de\/fr\/decouvertes-archeologiques-a-harxheim\"><\/a>\r\n\t\t\t<div class=\"psacp-post-overlay\">\r\n\t\t\t\t\t\t\t\t<h2 class=\"psacp-post-title\">\r\n\t\t\t\t\t<a href=\"https:\/\/doku-harxheim.de\/fr\/decouvertes-archeologiques-a-harxheim\">D\u00e9couvertes arch\u00e9ologiques \u00e0 Harxheim<\/a>\r\n\t\t\t\t<\/h2>\r\n\r\n\t\t\t\t\t\t\t\t<div class=\"psacp-post-meta psacp-post-meta-up\">\r\n\t\t\t\t\t<span class=\"psacp-post-meta-data psacp-post-author\"><i class=\"psacp-fa fa-solid fa-user\"><\/i>Birgit Korte<\/span><span class=\"psacp-post-meta-sep\"> &ndash; <\/span><span class=\"psacp-post-meta-data psacp-post-date\"><i class=\"psacp-fa fa-regular fa-clock\"><\/i>09\/05\/2023<\/span>\t\t\t\t<\/div>\r\n\t\t\t\t\t\t\t<\/div>\r\n\t\t<\/div>\r\n\r\n\t\t\t<\/div>\r\n<\/div><div class=\"psacp-post-slide psacp-post-2704 psacp-post-standard psacp-has-thumb\">\r\n\t<div class=\"psacp-post-carousel-content\">\r\n\t\t<div class=\"psacp-post-img-bg\" style=\"background-image:url(https:\/\/doku-harxheim.de\/wp-content\/uploads\/2022\/08\/CHR-Ort-01-Thumb.jpg);\">\r\n\t\t\t<a class=\"psacp-post-linkoverlay\" href=\"https:\/\/doku-harxheim.de\/fr\/registre-des-bourgeoisies-de-1837-a-1887-droit-de-cite-au-19e-siecle\"><\/a>\r\n\t\t\t<div class=\"psacp-post-overlay\">\r\n\t\t\t\t\t\t\t\t<h2 class=\"psacp-post-title\">\r\n\t\t\t\t\t<a href=\"https:\/\/doku-harxheim.de\/fr\/registre-des-bourgeoisies-de-1837-a-1887-droit-de-cite-au-19e-siecle\">Registre des bourgeoisies de 1837 \u00e0 1887 &#8211; Droit de cit\u00e9 au 19e si\u00e8cle<\/a>\r\n\t\t\t\t<\/h2>\r\n\r\n\t\t\t\t\t\t\t\t<div class=\"psacp-post-meta psacp-post-meta-up\">\r\n\t\t\t\t\t<span class=\"psacp-post-meta-data psacp-post-author\"><i class=\"psacp-fa fa-solid fa-user\"><\/i>Bernhard Marschall<\/span><span class=\"psacp-post-meta-sep\"> &ndash; <\/span><span class=\"psacp-post-meta-data psacp-post-date\"><i class=\"psacp-fa fa-regular fa-clock\"><\/i>08\/05\/2023<\/span>\t\t\t\t<\/div>\r\n\t\t\t\t\t\t\t<\/div>\r\n\t\t<\/div>\r\n\r\n\t\t\t<\/div>\r\n<\/div><div class=\"psacp-post-slide psacp-post-8315 psacp-post-standard psacp-has-thumb\">\r\n\t<div class=\"psacp-post-carousel-content\">\r\n\t\t<div class=\"psacp-post-img-bg\" style=\"background-image:url(https:\/\/doku-harxheim.de\/wp-content\/uploads\/2023\/05\/CHR-ORT-02-thumb.jpg);\">\r\n\t\t\t<a class=\"psacp-post-linkoverlay\" href=\"https:\/\/doku-harxheim.de\/fr\/les-emigres-de-harxheim-en-18-et-19eme-siecle\"><\/a>\r\n\t\t\t<div class=\"psacp-post-overlay\">\r\n\t\t\t\t\t\t\t\t<h2 class=\"psacp-post-title\">\r\n\t\t\t\t\t<a href=\"https:\/\/doku-harxheim.de\/fr\/les-emigres-de-harxheim-en-18-et-19eme-siecle\">Les \u00e9migr\u00e9s de Harxheim en 18. et 19\u00e8me si\u00e8cle<\/a>\r\n\t\t\t\t<\/h2>\r\n\r\n\t\t\t\t\t\t\t\t<div class=\"psacp-post-meta psacp-post-meta-up\">\r\n\t\t\t\t\t<span class=\"psacp-post-meta-data psacp-post-author\"><i class=\"psacp-fa fa-solid fa-user\"><\/i>Dorothea Kerzan<\/span><span class=\"psacp-post-meta-sep\"> &ndash; <\/span><span class=\"psacp-post-meta-data psacp-post-date\"><i class=\"psacp-fa fa-regular fa-clock\"><\/i>08\/05\/2023<\/span>\t\t\t\t<\/div>\r\n\t\t\t\t\t\t\t<\/div>\r\n\t\t<\/div>\r\n\r\n\t\t\t<\/div>\r\n<\/div><div class=\"psacp-post-slide psacp-post-4551 psacp-post-standard psacp-has-thumb\">\r\n\t<div class=\"psacp-post-carousel-content\">\r\n\t\t<div class=\"psacp-post-img-bg\" style=\"background-image:url(https:\/\/doku-harxheim.de\/wp-content\/uploads\/2022\/11\/CHr-ORT-28-thumb.jpg);\">\r\n\t\t\t<a class=\"psacp-post-linkoverlay\" href=\"https:\/\/doku-harxheim.de\/fr\/das-kriegerdenkmal\"><\/a>\r\n\t\t\t<div class=\"psacp-post-overlay\">\r\n\t\t\t\t\t\t\t\t<h2 class=\"psacp-post-title\">\r\n\t\t\t\t\t<a href=\"https:\/\/doku-harxheim.de\/fr\/das-kriegerdenkmal\">Le monument aux morts &#8211; colonne comm\u00e9morative de la guerre franco-allemande de 1870\/71<\/a>\r\n\t\t\t\t<\/h2>\r\n\r\n\t\t\t\t\t\t\t\t<div class=\"psacp-post-meta psacp-post-meta-up\">\r\n\t\t\t\t\t<span class=\"psacp-post-meta-data psacp-post-author\"><i class=\"psacp-fa fa-solid fa-user\"><\/i>Siegfried Schaefer<\/span><span class=\"psacp-post-meta-sep\"> &ndash; <\/span><span class=\"psacp-post-meta-data psacp-post-date\"><i class=\"psacp-fa fa-regular fa-clock\"><\/i>08\/05\/2023<\/span>\t\t\t\t<\/div>\r\n\t\t\t\t\t\t\t<\/div>\r\n\t\t<\/div>\r\n\r\n\t\t\t<\/div>\r\n<\/div><div class=\"psacp-post-slide psacp-post-2682 psacp-post-standard psacp-has-thumb\">\r\n\t<div class=\"psacp-post-carousel-content\">\r\n\t\t<div class=\"psacp-post-img-bg\" style=\"background-image:url(https:\/\/doku-harxheim.de\/wp-content\/uploads\/2022\/11\/CHr-ORT-20-thumb.jpg);\">\r\n\t\t\t<a class=\"psacp-post-linkoverlay\" href=\"https:\/\/doku-harxheim.de\/fr\/johannes-wuerth-pasteur-et-chroniqueur\"><\/a>\r\n\t\t\t<div class=\"psacp-post-overlay\">\r\n\t\t\t\t\t\t\t\t<h2 class=\"psacp-post-title\">\r\n\t\t\t\t\t<a href=\"https:\/\/doku-harxheim.de\/fr\/johannes-wuerth-pasteur-et-chroniqueur\">Johannes W\u00fcrth &#8211; pasteur et chroniqueur<\/a>\r\n\t\t\t\t<\/h2>\r\n\r\n\t\t\t\t\t\t\t\t<div class=\"psacp-post-meta psacp-post-meta-up\">\r\n\t\t\t\t\t<span class=\"psacp-post-meta-data psacp-post-author\"><i class=\"psacp-fa fa-solid fa-user\"><\/i>Birgit Korte<\/span><span class=\"psacp-post-meta-sep\"> &ndash; <\/span><span class=\"psacp-post-meta-data psacp-post-date\"><i class=\"psacp-fa fa-regular fa-clock\"><\/i>08\/05\/2023<\/span>\t\t\t\t<\/div>\r\n\t\t\t\t\t\t\t<\/div>\r\n\t\t<\/div>\r\n\r\n\t\t\t<\/div>\r\n<\/div><div class=\"psacp-post-slide psacp-post-4083 psacp-post-standard psacp-has-thumb\">\r\n\t<div class=\"psacp-post-carousel-content\">\r\n\t\t<div class=\"psacp-post-img-bg\" style=\"background-image:url(https:\/\/doku-harxheim.de\/wp-content\/uploads\/2022\/11\/HGE-01-B4-Das-Wahrzeichen-von-Harxheim.png);\">\r\n\t\t\t<a class=\"psacp-post-linkoverlay\" href=\"https:\/\/doku-harxheim.de\/fr\/lembleme-de-harxheim\"><\/a>\r\n\t\t\t<div class=\"psacp-post-overlay\">\r\n\t\t\t\t\t\t\t\t<h2 class=\"psacp-post-title\">\r\n\t\t\t\t\t<a href=\"https:\/\/doku-harxheim.de\/fr\/lembleme-de-harxheim\">L&#8217;embl\u00e8me de Harxheim<\/a>\r\n\t\t\t\t<\/h2>\r\n\r\n\t\t\t\t\t\t\t\t<div class=\"psacp-post-meta psacp-post-meta-up\">\r\n\t\t\t\t\t<span class=\"psacp-post-meta-data psacp-post-author\"><i class=\"psacp-fa fa-solid fa-user\"><\/i>Tanja Re\u00dfler<\/span><span class=\"psacp-post-meta-sep\"> &ndash; <\/span><span class=\"psacp-post-meta-data psacp-post-date\"><i class=\"psacp-fa fa-regular fa-clock\"><\/i>08\/05\/2023<\/span>\t\t\t\t<\/div>\r\n\t\t\t\t\t\t\t<\/div>\r\n\t\t<\/div>\r\n\r\n\t\t\t<\/div>\r\n<\/div><div class=\"psacp-post-slide psacp-post-8862 psacp-post-standard psacp-has-thumb\">\r\n\t<div class=\"psacp-post-carousel-content\">\r\n\t\t<div class=\"psacp-post-img-bg\" style=\"background-image:url(https:\/\/doku-harxheim.de\/wp-content\/uploads\/2022\/08\/CHR-Ort-01-B1-Das-Harxheimer-Ortswappen.jpg);\">\r\n\t\t\t<a class=\"psacp-post-linkoverlay\" href=\"https:\/\/doku-harxheim.de\/fr\/maire-de-la-localite-depuis-1849\"><\/a>\r\n\t\t\t<div class=\"psacp-post-overlay\">\r\n\t\t\t\t\t\t\t\t<h2 class=\"psacp-post-title\">\r\n\t\t\t\t\t<a href=\"https:\/\/doku-harxheim.de\/fr\/maire-de-la-localite-depuis-1849\">Maire de la localit\u00e9 depuis 1849<\/a>\r\n\t\t\t\t<\/h2>\r\n\r\n\t\t\t\t\t\t\t\t<div class=\"psacp-post-meta psacp-post-meta-up\">\r\n\t\t\t\t\t<span class=\"psacp-post-meta-data psacp-post-author\"><i class=\"psacp-fa fa-solid fa-user\"><\/i>HVV Harxheim<\/span><span class=\"psacp-post-meta-sep\"> &ndash; <\/span><span class=\"psacp-post-meta-data psacp-post-date\"><i class=\"psacp-fa fa-regular fa-clock\"><\/i>26\/03\/2023<\/span>\t\t\t\t<\/div>\r\n\t\t\t\t\t\t\t<\/div>\r\n\t\t<\/div>\r\n\r\n\t\t\t<\/div>\r\n<\/div><div class=\"psacp-post-slide psacp-post-4450 psacp-post-standard psacp-has-thumb\">\r\n\t<div class=\"psacp-post-carousel-content\">\r\n\t\t<div class=\"psacp-post-img-bg\" style=\"background-image:url(https:\/\/doku-harxheim.de\/wp-content\/uploads\/2023\/03\/CHR-ORT-26-thumb.jpg);\">\r\n\t\t\t<a class=\"psacp-post-linkoverlay\" href=\"https:\/\/doku-harxheim.de\/fr\/harxheimer-adressenliste-von-1906\"><\/a>\r\n\t\t\t<div class=\"psacp-post-overlay\">\r\n\t\t\t\t\t\t\t\t<h2 class=\"psacp-post-title\">\r\n\t\t\t\t\t<a href=\"https:\/\/doku-harxheim.de\/fr\/harxheimer-adressenliste-von-1906\">Liste d&rsquo;adresses de Harxheim de 1906<\/a>\r\n\t\t\t\t<\/h2>\r\n\r\n\t\t\t\t\t\t\t\t<div class=\"psacp-post-meta psacp-post-meta-up\">\r\n\t\t\t\t\t<span class=\"psacp-post-meta-data psacp-post-author\"><i class=\"psacp-fa fa-solid fa-user\"><\/i>Birgit Korte<\/span><span class=\"psacp-post-meta-sep\"> &ndash; <\/span><span class=\"psacp-post-meta-data psacp-post-date\"><i class=\"psacp-fa fa-regular fa-clock\"><\/i>26\/03\/2023<\/span>\t\t\t\t<\/div>\r\n\t\t\t\t\t\t\t<\/div>\r\n\t\t<\/div>\r\n\r\n\t\t\t<\/div>\r\n<\/div><div class=\"psacp-post-slide psacp-post-4132 psacp-post-standard psacp-has-thumb\">\r\n\t<div class=\"psacp-post-carousel-content\">\r\n\t\t<div class=\"psacp-post-img-bg\" style=\"background-image:url(https:\/\/doku-harxheim.de\/wp-content\/uploads\/2023\/03\/HGE-02-B6-scaled.jpg);\">\r\n\t\t\t<a class=\"psacp-post-linkoverlay\" href=\"https:\/\/doku-harxheim.de\/fr\/weinbau-in-harxheim-weinlese-in-fruheren-zeiten\"><\/a>\r\n\t\t\t<div class=\"psacp-post-overlay\">\r\n\t\t\t\t\t\t\t\t<h2 class=\"psacp-post-title\">\r\n\t\t\t\t\t<a href=\"https:\/\/doku-harxheim.de\/fr\/weinbau-in-harxheim-weinlese-in-fruheren-zeiten\">Viticulture \u00e0 Harxheim &#8211; Vendanges d&rsquo;autrefois<\/a>\r\n\t\t\t\t<\/h2>\r\n\r\n\t\t\t\t\t\t\t\t<div class=\"psacp-post-meta psacp-post-meta-up\">\r\n\t\t\t\t\t<span class=\"psacp-post-meta-data psacp-post-author\"><i class=\"psacp-fa fa-solid fa-user\"><\/i>Tanja Re\u00dfler<\/span><span class=\"psacp-post-meta-sep\"> &ndash; <\/span><span class=\"psacp-post-meta-data psacp-post-date\"><i class=\"psacp-fa fa-regular fa-clock\"><\/i>26\/03\/2023<\/span>\t\t\t\t<\/div>\r\n\t\t\t\t\t\t\t<\/div>\r\n\t\t<\/div>\r\n\r\n\t\t\t<\/div>\r\n<\/div><div class=\"psacp-post-slide psacp-post-8923 psacp-post-standard psacp-has-thumb\">\r\n\t<div class=\"psacp-post-carousel-content\">\r\n\t\t<div class=\"psacp-post-img-bg\" style=\"background-image:url(https:\/\/doku-harxheim.de\/wp-content\/uploads\/2023\/03\/CHR-ECO-01-x-Thumb.jpg);\">\r\n\t\t\t<a class=\"psacp-post-linkoverlay\" href=\"https:\/\/doku-harxheim.de\/fr\/centre-economique-alt-hashem\"><\/a>\r\n\t\t\t<div class=\"psacp-post-overlay\">\r\n\t\t\t\t\t\t\t\t<h2 class=\"psacp-post-title\">\r\n\t\t\t\t\t<a href=\"https:\/\/doku-harxheim.de\/fr\/centre-economique-alt-hashem\">Centre \u00e9conomique \u00ab\u00a0Alt Hashem\u00a0\u00bb<\/a>\r\n\t\t\t\t<\/h2>\r\n\r\n\t\t\t\t\t\t\t\t<div class=\"psacp-post-meta psacp-post-meta-up\">\r\n\t\t\t\t\t<span class=\"psacp-post-meta-data psacp-post-author\"><i class=\"psacp-fa fa-solid fa-user\"><\/i>Tanja Re\u00dfler<\/span><span class=\"psacp-post-meta-sep\"> &ndash; <\/span><span class=\"psacp-post-meta-data psacp-post-date\"><i class=\"psacp-fa fa-regular fa-clock\"><\/i>09\/03\/2023<\/span>\t\t\t\t<\/div>\r\n\t\t\t\t\t\t\t<\/div>\r\n\t\t<\/div>\r\n\r\n\t\t\t<\/div>\r\n<\/div><div class=\"psacp-post-slide psacp-post-4386 psacp-post-standard psacp-has-thumb\">\r\n\t<div class=\"psacp-post-carousel-content\">\r\n\t\t<div class=\"psacp-post-img-bg\" style=\"background-image:url(https:\/\/doku-harxheim.de\/wp-content\/uploads\/2023\/03\/CHR-WAR-02-c-thumb-2.jpg);\">\r\n\t\t\t<a class=\"psacp-post-linkoverlay\" href=\"https:\/\/doku-harxheim.de\/fr\/judische-bevolkerung-in-harxheim\"><\/a>\r\n\t\t\t<div class=\"psacp-post-overlay\">\r\n\t\t\t\t\t\t\t\t<h2 class=\"psacp-post-title\">\r\n\t\t\t\t\t<a href=\"https:\/\/doku-harxheim.de\/fr\/judische-bevolkerung-in-harxheim\">Population juive \u00e0 Harxheim<\/a>\r\n\t\t\t\t<\/h2>\r\n\r\n\t\t\t\t\t\t\t\t<div class=\"psacp-post-meta psacp-post-meta-up\">\r\n\t\t\t\t\t<span class=\"psacp-post-meta-data psacp-post-author\"><i class=\"psacp-fa fa-solid fa-user\"><\/i>Siegfried Schaefer<\/span><span class=\"psacp-post-meta-sep\"> &ndash; <\/span><span class=\"psacp-post-meta-data psacp-post-date\"><i class=\"psacp-fa fa-regular fa-clock\"><\/i>09\/03\/2023<\/span>\t\t\t\t<\/div>\r\n\t\t\t\t\t\t\t<\/div>\r\n\t\t<\/div>\r\n\r\n\t\t\t<\/div>\r\n<\/div><div class=\"psacp-post-slide psacp-post-5779 psacp-post-standard psacp-has-thumb\">\r\n\t<div class=\"psacp-post-carousel-content\">\r\n\t\t<div class=\"psacp-post-img-bg\" style=\"background-image:url(https:\/\/doku-harxheim.de\/wp-content\/uploads\/2023\/03\/POI-20-und-21-B6-Lambinet-scaled.jpg);\">\r\n\t\t\t<a class=\"psacp-post-linkoverlay\" href=\"https:\/\/doku-harxheim.de\/fr\/familie-lambinet-in-harxheim\"><\/a>\r\n\t\t\t<div class=\"psacp-post-overlay\">\r\n\t\t\t\t\t\t\t\t<h2 class=\"psacp-post-title\">\r\n\t\t\t\t\t<a href=\"https:\/\/doku-harxheim.de\/fr\/familie-lambinet-in-harxheim\">Famille Lambinet \u00e0 Harxheim<\/a>\r\n\t\t\t\t<\/h2>\r\n\r\n\t\t\t\t\t\t\t\t<div class=\"psacp-post-meta psacp-post-meta-up\">\r\n\t\t\t\t\t<span class=\"psacp-post-meta-data psacp-post-author\"><i class=\"psacp-fa fa-solid fa-user\"><\/i>Birgit Korte<\/span><span class=\"psacp-post-meta-sep\"> &ndash; <\/span><span class=\"psacp-post-meta-data psacp-post-date\"><i class=\"psacp-fa fa-regular fa-clock\"><\/i>08\/03\/2023<\/span>\t\t\t\t<\/div>\r\n\t\t\t\t\t\t\t<\/div>\r\n\t\t<\/div>\r\n\r\n\t\t\t<\/div>\r\n<\/div><div class=\"psacp-post-slide psacp-post-4267 psacp-post-standard psacp-has-thumb\">\r\n\t<div class=\"psacp-post-carousel-content\">\r\n\t\t<div class=\"psacp-post-img-bg\" style=\"background-image:url(https:\/\/doku-harxheim.de\/wp-content\/uploads\/2023\/03\/HGE-10-BX-Stamp.jpg);\">\r\n\t\t\t<a class=\"psacp-post-linkoverlay\" href=\"https:\/\/doku-harxheim.de\/fr\/harxheimer-lied\"><\/a>\r\n\t\t\t<div class=\"psacp-post-overlay\">\r\n\t\t\t\t\t\t\t\t<h2 class=\"psacp-post-title\">\r\n\t\t\t\t\t<a href=\"https:\/\/doku-harxheim.de\/fr\/harxheimer-lied\">Chanson de Harxheim<\/a>\r\n\t\t\t\t<\/h2>\r\n\r\n\t\t\t\t\t\t\t\t<div class=\"psacp-post-meta psacp-post-meta-up\">\r\n\t\t\t\t\t<span class=\"psacp-post-meta-data psacp-post-author\"><i class=\"psacp-fa fa-solid fa-user\"><\/i>Joachim Geiberger<\/span><span class=\"psacp-post-meta-sep\"> &ndash; <\/span><span class=\"psacp-post-meta-data psacp-post-date\"><i class=\"psacp-fa fa-regular fa-clock\"><\/i>08\/03\/2023<\/span>\t\t\t\t<\/div>\r\n\t\t\t\t\t\t\t<\/div>\r\n\t\t<\/div>\r\n\r\n\t\t\t<\/div>\r\n<\/div><div class=\"psacp-post-slide psacp-post-5982 psacp-post-standard psacp-has-thumb\">\r\n\t<div class=\"psacp-post-carousel-content\">\r\n\t\t<div class=\"psacp-post-img-bg\" style=\"background-image:url(https:\/\/doku-harxheim.de\/wp-content\/uploads\/2023\/03\/CHr-WAR-02-b7-Beitragsbild-Moritz-Fritz-Mayer.jpg);\">\r\n\t\t\t<a class=\"psacp-post-linkoverlay\" href=\"https:\/\/doku-harxheim.de\/fr\/la-vie-juive-a-harxheim-fritz-mayer\"><\/a>\r\n\t\t\t<div class=\"psacp-post-overlay\">\r\n\t\t\t\t\t\t\t\t<h2 class=\"psacp-post-title\">\r\n\t\t\t\t\t<a href=\"https:\/\/doku-harxheim.de\/fr\/la-vie-juive-a-harxheim-fritz-mayer\">La vie juive \u00e0 Harxheim : Fritz Mayer<\/a>\r\n\t\t\t\t<\/h2>\r\n\r\n\t\t\t\t\t\t\t\t<div class=\"psacp-post-meta psacp-post-meta-up\">\r\n\t\t\t\t\t<span class=\"psacp-post-meta-data psacp-post-author\"><i class=\"psacp-fa fa-solid fa-user\"><\/i>Siegfried Schaefer<\/span><span class=\"psacp-post-meta-sep\"> &ndash; <\/span><span class=\"psacp-post-meta-data psacp-post-date\"><i class=\"psacp-fa fa-regular fa-clock\"><\/i>07\/03\/2023<\/span>\t\t\t\t<\/div>\r\n\t\t\t\t\t\t\t<\/div>\r\n\t\t<\/div>\r\n\r\n\t\t\t<\/div>\r\n<\/div><div class=\"psacp-post-slide psacp-post-5939 psacp-post-standard psacp-has-thumb\">\r\n\t<div class=\"psacp-post-carousel-content\">\r\n\t\t<div class=\"psacp-post-img-bg\" style=\"background-image:url(https:\/\/doku-harxheim.de\/wp-content\/uploads\/2023\/03\/CHR-WAR-02-b5-B1-1968-Thomas-Judith-Fritz-Peter-Mayer.jpg);\">\r\n\t\t\t<a class=\"psacp-post-linkoverlay\" href=\"https:\/\/doku-harxheim.de\/fr\/la-vie-juive-a-harxheim-judith-mayer\"><\/a>\r\n\t\t\t<div class=\"psacp-post-overlay\">\r\n\t\t\t\t\t\t\t\t<h2 class=\"psacp-post-title\">\r\n\t\t\t\t\t<a href=\"https:\/\/doku-harxheim.de\/fr\/la-vie-juive-a-harxheim-judith-mayer\">La vie juive \u00e0 Harxheim : Judith Mayer<\/a>\r\n\t\t\t\t<\/h2>\r\n\r\n\t\t\t\t\t\t\t\t<div class=\"psacp-post-meta psacp-post-meta-up\">\r\n\t\t\t\t\t<span class=\"psacp-post-meta-data psacp-post-author\"><i class=\"psacp-fa fa-solid fa-user\"><\/i>Siegfried Schaefer<\/span><span class=\"psacp-post-meta-sep\"> &ndash; <\/span><span class=\"psacp-post-meta-data psacp-post-date\"><i class=\"psacp-fa fa-regular fa-clock\"><\/i>07\/03\/2023<\/span>\t\t\t\t<\/div>\r\n\t\t\t\t\t\t\t<\/div>\r\n\t\t<\/div>\r\n\r\n\t\t\t<\/div>\r\n<\/div><div class=\"psacp-post-slide psacp-post-5923 psacp-post-standard psacp-has-thumb\">\r\n\t<div class=\"psacp-post-carousel-content\">\r\n\t\t<div class=\"psacp-post-img-bg\" style=\"background-image:url(https:\/\/doku-harxheim.de\/wp-content\/uploads\/2023\/03\/CHR-WAR-02b-Johanna-u.-Herta-Mayer-Schule-HX-ca.-1920.jpg);\">\r\n\t\t\t<a class=\"psacp-post-linkoverlay\" href=\"https:\/\/doku-harxheim.de\/fr\/la-vie-juive-a-harxheim-johanna-mayer\"><\/a>\r\n\t\t\t<div class=\"psacp-post-overlay\">\r\n\t\t\t\t\t\t\t\t<h2 class=\"psacp-post-title\">\r\n\t\t\t\t\t<a href=\"https:\/\/doku-harxheim.de\/fr\/la-vie-juive-a-harxheim-johanna-mayer\">La vie juive \u00e0 Harxheim : Johanna Mayer<\/a>\r\n\t\t\t\t<\/h2>\r\n\r\n\t\t\t\t\t\t\t\t<div class=\"psacp-post-meta psacp-post-meta-up\">\r\n\t\t\t\t\t<span class=\"psacp-post-meta-data psacp-post-author\"><i class=\"psacp-fa fa-solid fa-user\"><\/i>Siegfried Schaefer<\/span><span class=\"psacp-post-meta-sep\"> &ndash; <\/span><span class=\"psacp-post-meta-data psacp-post-date\"><i class=\"psacp-fa fa-regular fa-clock\"><\/i>07\/03\/2023<\/span>\t\t\t\t<\/div>\r\n\t\t\t\t\t\t\t<\/div>\r\n\t\t<\/div>\r\n\r\n\t\t\t<\/div>\r\n<\/div><\/div>\n<p>[\/et_pb_text][\/et_pb_column][\/et_pb_row][\/et_pb_section]<\/p>\n","protected":false},"excerpt":{"rendered":"<p>Johanna Mayer est n\u00e9e le 9 juin 1909 \u00e0 Harxheim. Elle a fait sa scolarit\u00e9 \u00e0 Harxheim et \u00e0 Mayence.\u00c9cole primaire de Harxheim, vers 1920, ann\u00e9es scolaires 1910 \u00e0 1913. Herta (1913, 2e rang\u00e9e, 3\u00e8me \u00e0 partir de la droite) et Johanna (1910, 3\u00e8me rang, 3\u00e8me \u00e0 partir de la droite, avec les mains sur [&hellip;]<\/p>\n","protected":false},"author":2,"featured_media":4447,"comment_status":"closed","ping_status":"closed","sticky":false,"template":"","format":"standard","meta":{"_et_pb_use_builder":"on","_et_pb_old_content":"","_et_gb_content_width":"","footnotes":""},"categories":[47,43],"tags":[],"class_list":["post-4450","post","type-post","status-publish","format-standard","has-post-thumbnail","hentry","category-chronique","category-histoire-locale"],"_links":{"self":[{"href":"https:\/\/doku-harxheim.de\/fr\/wp-json\/wp\/v2\/posts\/4450","targetHints":{"allow":["GET"]}}],"collection":[{"href":"https:\/\/doku-harxheim.de\/fr\/wp-json\/wp\/v2\/posts"}],"about":[{"href":"https:\/\/doku-harxheim.de\/fr\/wp-json\/wp\/v2\/types\/post"}],"author":[{"embeddable":true,"href":"https:\/\/doku-harxheim.de\/fr\/wp-json\/wp\/v2\/users\/2"}],"replies":[{"embeddable":true,"href":"https:\/\/doku-harxheim.de\/fr\/wp-json\/wp\/v2\/comments?post=4450"}],"version-history":[{"count":12,"href":"https:\/\/doku-harxheim.de\/fr\/wp-json\/wp\/v2\/posts\/4450\/revisions"}],"predecessor-version":[{"id":8515,"href":"https:\/\/doku-harxheim.de\/fr\/wp-json\/wp\/v2\/posts\/4450\/revisions\/8515"}],"wp:featuredmedia":[{"embeddable":true,"href":"https:\/\/doku-harxheim.de\/fr\/wp-json\/wp\/v2\/media\/4447"}],"wp:attachment":[{"href":"https:\/\/doku-harxheim.de\/fr\/wp-json\/wp\/v2\/media?parent=4450"}],"wp:term":[{"taxonomy":"category","embeddable":true,"href":"https:\/\/doku-harxheim.de\/fr\/wp-json\/wp\/v2\/categories?post=4450"},{"taxonomy":"post_tag","embeddable":true,"href":"https:\/\/doku-harxheim.de\/fr\/wp-json\/wp\/v2\/tags?post=4450"}],"curies":[{"name":"wp","href":"https:\/\/api.w.org\/{rel}","templated":true}]}}