{"id":11126,"date":"2023-08-31T11:48:16","date_gmt":"2023-08-31T11:48:16","guid":{"rendered":"http:\/\/doku-harxheim.de\/le-projet"},"modified":"2023-09-27T16:44:50","modified_gmt":"2023-09-27T16:44:50","slug":"le-projet","status":"publish","type":"post","link":"https:\/\/doku-harxheim.de\/fr\/le-projet","title":{"rendered":"Le projet"},"content":{"rendered":"<p>[et_pb_section fb_built=\u00a0\u00bb1&Prime; _builder_version=\u00a0\u00bb4.16&Prime; min_height=\u00a0\u00bb151px\u00a0\u00bb custom_margin=\u00a0\u00bb||||false|false\u00a0\u00bb custom_padding=\u00a0\u00bb0px||6px||false|false\u00a0\u00bb global_colors_info=\u00a0\u00bb{}\u00a0\u00bb][et_pb_row _builder_version=\u00a0\u00bb4.16&Prime; custom_margin=\u00a0\u00bb||||false|false\u00a0\u00bb custom_padding=\u00a0\u00bb0px||||false|false\u00a0\u00bb global_colors_info=\u00a0\u00bb{}\u00a0\u00bb][et_pb_column type=\u00a0\u00bb4_4&Prime; _builder_version=\u00a0\u00bb4.16&Prime; global_colors_info=\u00a0\u00bb{}\u00a0\u00bb][et_pb_post_title title=\u00a0\u00bboff\u00a0\u00bb categories=\u00a0\u00bboff\u00a0\u00bb comments=\u00a0\u00bboff\u00a0\u00bb featured_image=\u00a0\u00bboff\u00a0\u00bb _builder_version=\u00a0\u00bb4.16&Prime; meta_font=\u00a0\u00bb|700||on|||||\u00a0\u00bb meta_text_color=\u00a0\u00bbgcid-1ba3a96e-9d31-4f54-aae7-420968453e89&Prime; meta_font_size=\u00a0\u00bb12px\u00a0\u00bb meta_letter_spacing=\u00a0\u00bb1px\u00a0\u00bb custom_margin=\u00a0\u00bb||-1px|||\u00a0\u00bb global_colors_info=\u00a0\u00bb{%22gcid-1ba3a96e-9d31-4f54-aae7-420968453e89%22:%91%22meta_text_color%22%93}\u00a0\u00bb][\/et_pb_post_title][et_pb_post_title meta=\u00a0\u00bboff\u00a0\u00bb featured_image=\u00a0\u00bboff\u00a0\u00bb _builder_version=\u00a0\u00bb4.16&Prime; title_font=\u00a0\u00bbMontserrat|700|||||||\u00a0\u00bb title_font_size=\u00a0\u00bb50px\u00a0\u00bb title_line_height=\u00a0\u00bb1.2em\u00a0\u00bb custom_margin=\u00a0\u00bb||-16px|||\u00a0\u00bb title_font_size_tablet=\u00a0\u00bb50px\u00a0\u00bb title_font_size_phone=\u00a0\u00bb24px\u00a0\u00bb title_font_size_last_edited=\u00a0\u00bbon|desktop\u00a0\u00bb locked=\u00a0\u00bboff\u00a0\u00bb global_colors_info=\u00a0\u00bb{}\u00a0\u00bb][\/et_pb_post_title][\/et_pb_column][\/et_pb_row][et_pb_row _builder_version=\u00a0\u00bb4.16&Prime; _module_preset=\u00a0\u00bbdefault\u00a0\u00bb custom_padding=\u00a0\u00bb7px||3px|||\u00a0\u00bb global_colors_info=\u00a0\u00bb{}\u00a0\u00bb][et_pb_column type=\u00a0\u00bb4_4&Prime; _builder_version=\u00a0\u00bb4.16&Prime; _module_preset=\u00a0\u00bbdefault\u00a0\u00bb global_colors_info=\u00a0\u00bb{}\u00a0\u00bb][et_pb_text _builder_version=\u00a0\u00bb4.22.1&Prime; _module_preset=\u00a0\u00bbdefault\u00a0\u00bb header_2_font_size=\u00a0\u00bb19px\u00a0\u00bb global_colors_info=\u00a0\u00bb{}\u00a0\u00bb]<\/p>\n<p>\u00ab\u00a0Harxheim : circuits, documentation locale et t\u00e9moins de l&rsquo;\u00e9poque\u00a0\u00bb : <br \/>C&rsquo;est le nom un peu encombrant du plus grand projet de HVV \u00e0 ce jour, apr\u00e8s la f\u00eate des vignes. Dans le cadre de ce projet financ\u00e9 principalement par des fonds europ\u00e9ens LEADER, le circuit historique de la localit\u00e9, le sentier panoramique de Harxheim ainsi qu&rsquo;une boucle vers le Kleines Mainzer H\u00f6henweg ont \u00e9t\u00e9 am\u00e9nag\u00e9s et le site Internet <em>doku-Harxheim.de<\/em> a \u00e9t\u00e9 cr\u00e9\u00e9 avec de nombreux textes sur Harxheim et avec des vid\u00e9os de t\u00e9moins de l&rsquo;\u00e9poque. En outre, le camion de d\u00e9bit de boissons <em>VinoMobil<\/em> a \u00e9t\u00e9 achet\u00e9. Une raison suffisante pour d\u00e9crire ici une nouvelle fois le d\u00e9roulement de ce vaste projet.<\/p>\n<p>&nbsp;<\/p>\n<p>[\/et_pb_text][\/et_pb_column][\/et_pb_row][et_pb_row _builder_version=\u00a0\u00bb4.22.1&Prime; _module_preset=\u00a0\u00bbdefault\u00a0\u00bb global_colors_info=\u00a0\u00bb{}\u00a0\u00bb][et_pb_column type=\u00a0\u00bb4_4&Prime; _builder_version=\u00a0\u00bb4.22.1&Prime; _module_preset=\u00a0\u00bbdefault\u00a0\u00bb global_colors_info=\u00a0\u00bb{}\u00a0\u00bb][et_pb_text _builder_version=\u00a0\u00bb4.22.1&Prime; _module_preset=\u00a0\u00bbdefault\u00a0\u00bb global_colors_info=\u00a0\u00bb{}\u00a0\u00bb]<\/p>\n<p>Tout a commenc\u00e9 \u00e0 la fin de l&rsquo;\u00e9t\u00e9 2020, le premier \u00ab\u00a0\u00e9t\u00e9 Corona\u00a0\u00bb, lors d&rsquo;une r\u00e9union du conseil d&rsquo;administration qui s&rsquo;est tenue en plein air. Harald Schenk, premier pr\u00e9sident du HVV, a sugg\u00e9r\u00e9 la cr\u00e9ation d&rsquo;une visite historique du village par le HVV. Birgit Korte, membre du comit\u00e9 directeur du HVV, devait cr\u00e9er un groupe de projet et mettre en \u0153uvre le projet avec celui-ci.<\/p>\n<p>[\/et_pb_text][et_pb_text _builder_version=\u00a0\u00bb4.22.1&Prime; _module_preset=\u00a0\u00bbdefault\u00a0\u00bb global_colors_info=\u00a0\u00bb{}\u00a0\u00bb]<\/p>\n<p>Aussit\u00f4t dit, aussit\u00f4t fait. La r\u00e9union constitutive du groupe de projet a eu lieu le 13 octobre 2020 avec la participation d&rsquo;Anja et Klaus-Werner Fritzsch, Joachim Geiberger, Birgit Korte, Reinhold St\u00f6ssel et Siegfried Sch\u00e4fer et. Peu apr\u00e8s, Silvia Geiberger, Florian Imbusch et Dorothee Kerzan ont rejoint le groupe de travail en tant que membres du projet.<\/p>\n<p>[\/et_pb_text][\/et_pb_column][\/et_pb_row][et_pb_row _builder_version=\u00a0\u00bb4.22.1&Prime; _module_preset=\u00a0\u00bbdefault\u00a0\u00bb global_colors_info=\u00a0\u00bb{}\u00a0\u00bb][et_pb_column type=\u00a0\u00bb4_4&Prime; _builder_version=\u00a0\u00bb4.22.1&Prime; _module_preset=\u00a0\u00bbdefault\u00a0\u00bb global_colors_info=\u00a0\u00bb{}\u00a0\u00bb][et_pb_text _builder_version=\u00a0\u00bb4.22.1&Prime; _module_preset=\u00a0\u00bbdefault\u00a0\u00bb global_colors_info=\u00a0\u00bb{}\u00a0\u00bb]<\/p>\n<p>Il fallait d&rsquo;abord d\u00e9finir plus pr\u00e9cis\u00e9ment ce que le HVV souhaitait r\u00e9ellement mettre en \u0153uvre dans le cadre du projet. La \u00ab\u00a0liste de souhaits\u00a0\u00bb est vite devenue assez longue :<\/p>\n<p>[\/et_pb_text][et_pb_text _builder_version=\u00a0\u00bb4.22.1&Prime; _module_preset=\u00a0\u00bbdefault\u00a0\u00bb global_colors_info=\u00a0\u00bb{}\u00a0\u00bb]<\/p>\n<ul>\n<li>Am\u00e9nagement d&rsquo;un circuit historique de la localit\u00e9, am\u00e9nagement d&rsquo;un chemin de ronde \u00e0 travers la commune, y compris Raccordements aux sentiers de randonn\u00e9e existants dans l&rsquo;environnement proche, installation de panneaux d&rsquo;information avec codes QR sur les circuits, installation de lits d&rsquo;\u00e9lan sur les circuits.<\/li>\n<li>Cr\u00e9ation d&rsquo;une page web <em>doku-Harxheim<\/em> accessible au public sur Internet ; cette page web devrait contenir de nombreux textes sur l&rsquo;histoire de Harxheim et sur la nature locale ainsi que des vid\u00e9os de t\u00e9moins.<\/li>\n<li>Achat d&rsquo;un chariot de d\u00e9bit de boissons<\/li>\n<li>Renouvellement des plaques de rep\u00e9rage vieillissantes<\/li>\n<li style=\"list-style-type: none;\">\n<ul><\/ul>\n<\/li>\n<\/ul>\n<p>[\/et_pb_text][et_pb_text _builder_version=\u00a0\u00bb4.22.1&Prime; _module_preset=\u00a0\u00bbdefault\u00a0\u00bb global_colors_info=\u00a0\u00bb{}\u00a0\u00bb]<\/p>\n<p>Il est vite apparu que ce projet de transport public s&rsquo;\u00e9tendrait sur plusieurs ann\u00e9es. En fait, trois ans se sont \u00e9coul\u00e9s entre la premi\u00e8re id\u00e9e \u00e0 la fin de l&rsquo;\u00e9t\u00e9 2020 et la fin du projet en ao\u00fbt 2023. Apr\u00e8s les deux premi\u00e8res s\u00e9ances de travail, le groupe de travail n&rsquo;a pas pu se r\u00e9unir durant l&rsquo;hiver 2020\/21 en raison de Corona et s&rsquo;est donc r\u00e9uni par le biais de zoom-meetings. Cela s&rsquo;est av\u00e9r\u00e9 si efficace que m\u00eame apr\u00e8s la fin de la pand\u00e9mie, presque toutes les r\u00e9unions de travail se sont d\u00e9roul\u00e9es par zoom. Au total, pr\u00e8s de 30 r\u00e9unions de travail ont eu lieu jusqu&rsquo;\u00e0 la fin du projet. Outre les membres du projet, le premier pr\u00e9sident du HVV, Harald Schenk, a \u00e9galement particip\u00e9 r\u00e9guli\u00e8rement \u00e0 ces r\u00e9unions.<\/p>\n<p>[\/et_pb_text][et_pb_text _builder_version=\u00a0\u00bb4.22.1&Prime; _module_preset=\u00a0\u00bbdefault\u00a0\u00bb global_colors_info=\u00a0\u00bb{}\u00a0\u00bb]<\/p>\n<h4>Obtention de subventions<\/h4>\n<p>[\/et_pb_text][\/et_pb_column][\/et_pb_row][et_pb_row column_structure=\u00a0\u00bb1_2,1_2&Prime; _builder_version=\u00a0\u00bb4.22.1&Prime; _module_preset=\u00a0\u00bbdefault\u00a0\u00bb custom_padding=\u00a0\u00bb||5px|||\u00a0\u00bb global_colors_info=\u00a0\u00bb{}\u00a0\u00bb][et_pb_column type=\u00a0\u00bb1_2&Prime; _builder_version=\u00a0\u00bb4.22.1&Prime; _module_preset=\u00a0\u00bbdefault\u00a0\u00bb global_colors_info=\u00a0\u00bb{}\u00a0\u00bb][et_pb_text _builder_version=\u00a0\u00bb4.22.1&Prime; _module_preset=\u00a0\u00bbdefault\u00a0\u00bb global_colors_info=\u00a0\u00bb{}\u00a0\u00bb]<\/p>\n<p>Il est \u00e9galement apparu rapidement que le projet co\u00fbterait beaucoup d&rsquo;argent. L&rsquo;une des premi\u00e8res t\u00e2ches a donc \u00e9t\u00e9 d&rsquo;assurer le financement et de trouver des sources de financement appropri\u00e9es.<\/p>\n<p>Quatre tables d&rsquo;inertie, install\u00e9es autour du site en \u00e9t\u00e9 2022 et au printemps 2023, ont pu \u00eatre financ\u00e9es gr\u00e2ce \u00e0 l&rsquo;aide au b\u00e9n\u00e9volat du district de Mainz-Bingen. Il ne s&rsquo;agissait toutefois que d&rsquo;une petite partie du projet global. <\/p>\n<p>[\/et_pb_text][et_pb_text _builder_version=\u00a0\u00bb4.22.1&Prime; _module_preset=\u00a0\u00bbdefault\u00a0\u00bb global_colors_info=\u00a0\u00bb{}\u00a0\u00bb]<\/p>\n<p>En cherchant d&rsquo;autres possibilit\u00e9s de financement, le groupe de travail est rapidement tomb\u00e9 sur les fonds LEADER, un fonds europ\u00e9en de financement pour la promotion et le d\u00e9veloppement des zones rurales. La Hesse rh\u00e9nane est l&rsquo;une des r\u00e9gions LEADER officielles, c&rsquo;est-\u00e0-dire l&rsquo;une des r\u00e9gions qui peuvent demander des fonds au pot commun.<\/p>\n<p>[\/et_pb_text][\/et_pb_column][et_pb_column type=\u00a0\u00bb1_2&Prime; _builder_version=\u00a0\u00bb4.22.1&Prime; _module_preset=\u00a0\u00bbdefault\u00a0\u00bb global_colors_info=\u00a0\u00bb{}\u00a0\u00bb][et_pb_image src=\u00a0\u00bbhttps:\/\/doku-harxheim.de\/wp-content\/uploads\/2023\/09\/A-Das-Projekt-1-B1-scaled.jpg\u00a0\u00bb title_text=\u00a0\u00bbA Le projet 1 B1&Prime; show_in_lightbox=\u00a0\u00bbon\u00a0\u00bb _builder_version=\u00a0\u00bb4.22.1&Prime; _module_preset=\u00a0\u00bbdefault\u00a0\u00bb box_shadow_style=\u00a0\u00bbpreset2&Prime; global_colors_info=\u00a0\u00bb{}\u00a0\u00bb][\/et_pb_image][et_pb_text _builder_version=\u00a0\u00bb4.22.1&Prime; _module_preset=\u00a0\u00bbdefault\u00a0\u00bb text_font_size=\u00a0\u00bb13px\u00a0\u00bb custom_margin=\u00a0\u00bb26px||-1px|||\u00a0\u00bb global_colors_info=\u00a0\u00bb{}\u00a0\u00bb]<\/p>\n<p style=\"text-align: center;\">Installation du lit d&rsquo;\u00e9quilibre au Kalmit en \u00e9t\u00e9 2022<\/p>\n<p>[\/et_pb_text][et_pb_text _builder_version=\u00a0\u00bb4.22.1&Prime; _module_preset=\u00a0\u00bbdefault\u00a0\u00bb text_font_size=\u00a0\u00bb8px\u00a0\u00bb global_colors_info=\u00a0\u00bb{}\u00a0\u00bb]<\/p>\n<p style=\"text-align: center;\"><span>Source de l&rsquo;image : Birgit Korte<\/span><\/p>\n<p>[\/et_pb_text][\/et_pb_column][\/et_pb_row][et_pb_row _builder_version=\u00a0\u00bb4.22.1&Prime; _module_preset=\u00a0\u00bbdefault\u00a0\u00bb custom_padding=\u00a0\u00bb5px|||||\u00a0\u00bb global_colors_info=\u00a0\u00bb{}\u00a0\u00bb][et_pb_column type=\u00a0\u00bb4_4&Prime; _builder_version=\u00a0\u00bb4.22.1&Prime; _module_preset=\u00a0\u00bbdefault\u00a0\u00bb global_colors_info=\u00a0\u00bb{}\u00a0\u00bb][et_pb_text _builder_version=\u00a0\u00bb4.22.1&Prime; _module_preset=\u00a0\u00bbdefault\u00a0\u00bb global_colors_info=\u00a0\u00bb{}\u00a0\u00bb]<\/p>\n<p>Comment obtenir des subventions LEADER ? La r\u00e9gion de la Hesse rh\u00e9nane dispose d&rsquo;une enveloppe LEADER dont l&rsquo;attribution est d\u00e9cid\u00e9e par le comit\u00e9 directeur du groupe d&rsquo;action locale (GAL) de la Hesse rh\u00e9nane. La candidature aux fonds LEADER se fait par le biais d&rsquo;une fiche de projet dans laquelle le projet \u00e0 soutenir est pr\u00e9sent\u00e9 en d\u00e9tail. Il convient \u00e9galement d&rsquo;expliquer ici les effets r\u00e9gionaux positifs que le projet doit permettre d&rsquo;atteindre. Par exemple, l&rsquo;un des objectifs du HVV indiqu\u00e9 dans la proposition de projet \u00e9tait d&rsquo;am\u00e9liorer la qualit\u00e9 de l&rsquo;exp\u00e9rience dans la localit\u00e9 gr\u00e2ce \u00e0 ce projet.<\/p>\n<p>[\/et_pb_text][et_pb_text _builder_version=\u00a0\u00bb4.22.1&Prime; _module_preset=\u00a0\u00bbdefault\u00a0\u00bb global_colors_info=\u00a0\u00bb{}\u00a0\u00bb]<\/p>\n<p>Si un projet est s\u00e9lectionn\u00e9 par le comit\u00e9 directeur du GAL Hesse rh\u00e9nane comme digne d&rsquo;\u00eatre soutenu, il faut ensuite d\u00e9poser une demande formelle de subvention aupr\u00e8s de la direction de la surveillance et des services (ADD) \u00e0 Tr\u00e8ves, qui g\u00e8re et verse les subventions.<\/p>\n<p>[\/et_pb_text][et_pb_text _builder_version=\u00a0\u00bb4.22.1&Prime; _module_preset=\u00a0\u00bbdefault\u00a0\u00bb global_colors_info=\u00a0\u00bb{}\u00a0\u00bb]<\/p>\n<p>Jusqu&rsquo;au printemps 2021, le groupe de travail HVV a travaill\u00e9 assid\u00fbment \u00e0 l&rsquo;\u00e9laboration du projet et \u00e0 la collecte de toutes les informations n\u00e9cessaires pour la fiche descriptive du projet et les annexes requises. Durant l&rsquo;\u00e9t\u00e9 2021, la bonne nouvelle est tomb\u00e9e : le projet HVV avait \u00e9t\u00e9 s\u00e9lectionn\u00e9 pour b\u00e9n\u00e9ficier d&rsquo;un financement. Tous les \u00e9l\u00e9ments pr\u00e9vus du projet ont pu \u00eatre r\u00e9alis\u00e9s. La d\u00e9cision contraignante de l&rsquo;ADD concernant les subventions a \u00e9t\u00e9 prise d\u00e9but novembre 2021. C&rsquo;est \u00e0 partir de ce moment que la mise en \u0153uvre effective du projet a pu commencer. Le projet devrait \u00eatre termin\u00e9 pour le 31 ao\u00fbt 2023, soit un peu plus d&rsquo;un an et demi plus tard.<\/p>\n<p>[\/et_pb_text][\/et_pb_column][\/et_pb_row][et_pb_row column_structure=\u00a0\u00bb1_2,1_2&Prime; _builder_version=\u00a0\u00bb4.22.1&Prime; _module_preset=\u00a0\u00bbdefault\u00a0\u00bb global_colors_info=\u00a0\u00bb{}\u00a0\u00bb][et_pb_column type=\u00a0\u00bb1_2&Prime; _builder_version=\u00a0\u00bb4.22.1&Prime; _module_preset=\u00a0\u00bbdefault\u00a0\u00bb global_colors_info=\u00a0\u00bb{}\u00a0\u00bb][et_pb_image src=\u00a0\u00bbhttps:\/\/doku-harxheim.de\/wp-content\/uploads\/2023\/09\/A-Das-Projekt-1-B2-scaled.jpg\u00a0\u00bb title_text=\u00a0\u00bbA Le projet 1 B2&Prime; show_in_lightbox=\u00a0\u00bbon\u00a0\u00bb _builder_version=\u00a0\u00bb4.22.1&Prime; _module_preset=\u00a0\u00bbdefault\u00a0\u00bb box_shadow_style=\u00a0\u00bbpreset2&Prime; global_colors_info=\u00a0\u00bb{}\u00a0\u00bb][\/et_pb_image][et_pb_text _builder_version=\u00a0\u00bb4.22.1&Prime; _module_preset=\u00a0\u00bbdefault\u00a0\u00bb text_font_size=\u00a0\u00bb13px\u00a0\u00bb custom_margin=\u00a0\u00bb26px||-1px|||\u00a0\u00bb global_colors_info=\u00a0\u00bb{}\u00a0\u00bb]<\/p>\n<p style=\"text-align: center;\">Inauguration du camion de d\u00e9bit de boissons VinoMobil le 27.06.2022<\/p>\n<p>[\/et_pb_text][et_pb_text _builder_version=\u00a0\u00bb4.22.1&Prime; _module_preset=\u00a0\u00bbdefault\u00a0\u00bb text_font_size=\u00a0\u00bb8px\u00a0\u00bb global_colors_info=\u00a0\u00bb{}\u00a0\u00bb]<\/p>\n<p style=\"text-align: center;\"><span>Source de l&rsquo;image : Siegfried Sch\u00e4fer<\/span><\/p>\n<p>[\/et_pb_text][\/et_pb_column][et_pb_column type=\u00a0\u00bb1_2&Prime; _builder_version=\u00a0\u00bb4.22.1&Prime; _module_preset=\u00a0\u00bbdefault\u00a0\u00bb global_colors_info=\u00a0\u00bb{}\u00a0\u00bb][et_pb_text _builder_version=\u00a0\u00bb4.22.1&Prime; _module_preset=\u00a0\u00bbdefault\u00a0\u00bb global_colors_info=\u00a0\u00bb{}\u00a0\u00bb]<\/p>\n<p>Dans un premier temps, le camion de distribution de boissons a \u00e9t\u00e9 command\u00e9 en 2021 et a b\u00e9n\u00e9fici\u00e9 de la plus grande partie des subventions. La livraison de la voiture a eu lieu \u00e0 la fin du printemps 2022. L&rsquo;inauguration a eu lieu le 27 juin 2022 dans le cadre d&rsquo;une manifestation publique sur la place de la Balance, en pr\u00e9sence des deux majest\u00e9s du vin Mirjam (princesse du vin de la Hesse rh\u00e9nane 2021\/22) et Magdalena I (princesse du vin de Harxheim 2021\/22).<\/p>\n<p>[\/et_pb_text][et_pb_text _builder_version=\u00a0\u00bb4.22.1&Prime; _module_preset=\u00a0\u00bbdefault\u00a0\u00bb global_colors_info=\u00a0\u00bb{}\u00a0\u00bb]<\/p>\n<p>Les autres \u00e9l\u00e9ments essentiels du projet \u00e9taient la cr\u00e9ation d&rsquo;un outil Internet appropri\u00e9 pour la page web <em>doku-Harxheim<\/em>, la cr\u00e9ation de contenus (contenu : textes, vid\u00e9os) pour <em>doku-Harxheim<\/em> et l&rsquo;int\u00e9gration de ces contenus dans l&rsquo;outil Internet. Parmi les autres sujets, il y avait la planification et la signalisation des sentiers et la conception de panneaux d&rsquo;information le long des sentiers. Enfin, tous les panneaux ont d\u00fb \u00eatre mont\u00e9s et install\u00e9s, avec la pose pr\u00e9alable des poteaux n\u00e9cessaires.<\/p>\n<p>[\/et_pb_text][\/et_pb_column][\/et_pb_row][et_pb_row _builder_version=\u00a0\u00bb4.22.1&Prime; _module_preset=\u00a0\u00bbdefault\u00a0\u00bb custom_padding=\u00a0\u00bb||2px|||\u00a0\u00bb global_colors_info=\u00a0\u00bb{}\u00a0\u00bb][et_pb_column type=\u00a0\u00bb4_4&Prime; _builder_version=\u00a0\u00bb4.22.1&Prime; _module_preset=\u00a0\u00bbdefault\u00a0\u00bb global_colors_info=\u00a0\u00bb{}\u00a0\u00bb][et_pb_text _builder_version=\u00a0\u00bb4.22.1&Prime; _module_preset=\u00a0\u00bbdefault\u00a0\u00bb global_colors_info=\u00a0\u00bb{}\u00a0\u00bb]<\/p>\n<p>Les membres du groupe de travail ont apport\u00e9 au groupe de nombreuses connaissances, exp\u00e9riences et inclinations diff\u00e9rentes. En cons\u00e9quence, chacun a pu participer \u00e0 la mise en \u0153uvre du projet en choisissant les \u00e9l\u00e9ments qui correspondaient le mieux \u00e0 son parcours et \u00e0 ses int\u00e9r\u00eats. En outre, tous les sujets ont \u00e9t\u00e9 discut\u00e9s et approuv\u00e9s lors de r\u00e9unions de travail r\u00e9guli\u00e8res.<\/p>\n<p>[\/et_pb_text][\/et_pb_column][\/et_pb_row][et_pb_row _builder_version=\u00a0\u00bb4.22.1&Prime; _module_preset=\u00a0\u00bbdefault\u00a0\u00bb global_colors_info=\u00a0\u00bb{}\u00a0\u00bb][et_pb_column type=\u00a0\u00bb4_4&Prime; _builder_version=\u00a0\u00bb4.22.1&Prime; _module_preset=\u00a0\u00bbdefault\u00a0\u00bb global_colors_info=\u00a0\u00bb{}\u00a0\u00bb][et_pb_text _builder_version=\u00a0\u00bb4.22.1&Prime; _module_preset=\u00a0\u00bbdefault\u00a0\u00bb global_colors_info=\u00a0\u00bb{}\u00a0\u00bb]<\/p>\n<h4>Le nouveau site web <em>doku-harxheim.de<\/em><\/h4>\n<p>[\/et_pb_text][et_pb_text _builder_version=\u00a0\u00bb4.22.1&Prime; _module_preset=\u00a0\u00bbdefault\u00a0\u00bb global_colors_info=\u00a0\u00bb{}\u00a0\u00bb]<\/p>\n<p>La d\u00e9cision de r\u00e9aliser une telle documentation sous forme de livre ou sous une forme \u00ab\u00a0moderne\u00a0\u00bb, \u00e0 savoir une page web et une plateforme de documentation multim\u00e9dia et flexible, a \u00e9t\u00e9 rapidement prise.<\/p>\n<p>[\/et_pb_text][et_pb_text _builder_version=\u00a0\u00bb4.22.1&Prime; _module_preset=\u00a0\u00bbdefault\u00a0\u00bb global_colors_info=\u00a0\u00bb{}\u00a0\u00bb]<\/p>\n<p>Il s&rsquo;agissait maintenant de ma\u00eetriser la complexit\u00e9, et pour ce faire, nous devions r\u00e9soudre les t\u00e2ches suivantes (pr\u00e9sent\u00e9es de mani\u00e8re tr\u00e8s succincte) :<\/p>\n<ul>\n<li>D\u00e9veloppement de l&rsquo;architecture de la page web et structuration des th\u00e8mes<\/li>\n<li>mise en place d&rsquo;une structure de fichiers consultable et modifiable par tous \u00e0 tout moment<\/li>\n<li>Vid\u00e9oconf\u00e9rences<\/li>\n<li>D\u00e9veloppement d&rsquo;un syst\u00e8me de codage permettant d&rsquo;attribuer pr\u00e9cis\u00e9ment chaque document et chaque image, pdf ou fichier vid\u00e9o.<\/li>\n<li>D\u00e9veloppement d&rsquo;un syst\u00e8me de collecte syst\u00e9matique du mat\u00e9riel brut, des fichiers et documents trait\u00e9s et finaux<\/li>\n<li>d\u00e9veloppement d&rsquo;un fichier de contr\u00f4le permettant \u00e0 chaque membre de l&rsquo;\u00e9quipe (en particulier l&rsquo;auteur et le responsable de la page web) d&rsquo;identifier et de suivre l&rsquo;\u00e9tat de traitement, de contr\u00f4le et de validation de chaque contribution individuelle<\/li>\n<li>Traduction de toutes les pages finales en diff\u00e9rentes langues (anglais et fran\u00e7ais pour commencer)<\/li>\n<li>Assurer un syst\u00e8me de sauvegarde<\/li>\n<\/ul>\n<p>[\/et_pb_text][et_pb_text _builder_version=\u00a0\u00bb4.22.1&Prime; _module_preset=\u00a0\u00bbdefault\u00a0\u00bb global_colors_info=\u00a0\u00bb{}\u00a0\u00bb]<\/p>\n<p>Le volume des documents et des pages trait\u00e9s, ainsi que les r\u00e9sultats obtenus, d\u00e9passaient le cadre que nous avions estim\u00e9 :<\/p>\n<ul>\n<li>Plus de 12 000 fichiers ont \u00e9t\u00e9 trait\u00e9s.<\/li>\n<li>Le volume du <em>site doku-harxheim<\/em>correspond \u00e0 celui d&rsquo;un livre de bien plus de 1.000 pages.<\/li>\n<li>Le fichier de sauvegarde a un volume de plus de 3,5 gigaoctets.<\/li>\n<\/ul>\n<p>[\/et_pb_text][\/et_pb_column][\/et_pb_row][et_pb_row _builder_version=\u00a0\u00bb4.22.1&Prime; _module_preset=\u00a0\u00bbdefault\u00a0\u00bb global_colors_info=\u00a0\u00bb{}\u00a0\u00bb][et_pb_column type=\u00a0\u00bb4_4&Prime; _builder_version=\u00a0\u00bb4.22.1&Prime; _module_preset=\u00a0\u00bbdefault\u00a0\u00bb global_colors_info=\u00a0\u00bb{}\u00a0\u00bb][et_pb_text _builder_version=\u00a0\u00bb4.22.1&Prime; _module_preset=\u00a0\u00bbdefault\u00a0\u00bb global_colors_info=\u00a0\u00bb{}\u00a0\u00bb]<\/p>\n<h4>Vid\u00e9os de t\u00e9moins de l&rsquo;\u00e9poque pour <em>doku-harxheim<\/em><\/h4>\n<p>[\/et_pb_text][\/et_pb_column][\/et_pb_row][et_pb_row _builder_version=\u00a0\u00bb4.22.1&Prime; _module_preset=\u00a0\u00bbdefault\u00a0\u00bb global_colors_info=\u00a0\u00bb{}\u00a0\u00bb][et_pb_column type=\u00a0\u00bb4_4&Prime; _builder_version=\u00a0\u00bb4.22.1&Prime; _module_preset=\u00a0\u00bbdefault\u00a0\u00bb global_colors_info=\u00a0\u00bb{}\u00a0\u00bb][et_pb_text _builder_version=\u00a0\u00bb4.22.1&Prime; _module_preset=\u00a0\u00bbdefault\u00a0\u00bb global_colors_info=\u00a0\u00bb{}\u00a0\u00bb]<\/p>\n<p>Dans le cadre du sous-projet T\u00e9moins de l&rsquo;\u00e9poque, des interviews de t\u00e9moins de l&rsquo;\u00e9poque ont \u00e9t\u00e9 r\u00e9alis\u00e9es avec de nombreux citoyens de Harxheim, n\u00e9s ici ou vivant depuis tr\u00e8s longtemps \u00e0 Harxheim. Les interviews ont eu lieu en grande partie dans l&rsquo;ancien h\u00f4tel de ville et ont \u00e9t\u00e9 enregistr\u00e9es avec un \u00e9quipement technique professionnel.<\/p>\n<p>Nous avons \u00e9t\u00e9 tr\u00e8s heureux de voir \u00e0 quel point l&rsquo;id\u00e9e d&rsquo;interviews de t\u00e9moins de l&rsquo;\u00e9poque a \u00e9t\u00e9 bien accueillie et \u00e0 quel point les habitants de Harxheim se sont pr\u00eat\u00e9s volontiers aux interviews vid\u00e9o. La plupart des personnes interview\u00e9es \u00e9taient un peu excit\u00e9es au d\u00e9but en raison de la situation inhabituelle ; en effet, un grand nombre d&rsquo;\u00e9quipements de cam\u00e9ra, d&rsquo;enregistrement sonore et d&rsquo;\u00e9clairage \u00e9taient install\u00e9s et de nombreux c\u00e2bles \u00e9taient pr\u00e9sents dans la pi\u00e8ce. Mais cela s&rsquo;est vite calm\u00e9 lorsqu&rsquo;ils ont commenc\u00e9 \u00e0 parler de leur vie pass\u00e9e \u00e0 Harxheim. De nombreuses heures de film ont \u00e9t\u00e9 enregistr\u00e9es, puis visionn\u00e9es, mont\u00e9es et ont \u00e9t\u00e9 et seront encore mont\u00e9es et pr\u00e9par\u00e9es en fonction du th\u00e8me.<\/p>\n<p>C&rsquo;est ainsi qu&rsquo;est n\u00e9e une documentation film\u00e9e exceptionnelle sur le pass\u00e9 de Harxheim et de sa r\u00e9gion, destin\u00e9e aux habitants de Harxheim et de la r\u00e9gion des temps \u00e0 venir.<\/p>\n<p>[\/et_pb_text][\/et_pb_column][\/et_pb_row][et_pb_row _builder_version=\u00a0\u00bb4.22.1&Prime; _module_preset=\u00a0\u00bbdefault\u00a0\u00bb global_colors_info=\u00a0\u00bb{}\u00a0\u00bb][et_pb_column type=\u00a0\u00bb4_4&Prime; _builder_version=\u00a0\u00bb4.22.1&Prime; _module_preset=\u00a0\u00bbdefault\u00a0\u00bb global_colors_info=\u00a0\u00bb{}\u00a0\u00bb][et_pb_text _builder_version=\u00a0\u00bb4.22.1&Prime; _module_preset=\u00a0\u00bbdefault\u00a0\u00bb global_colors_info=\u00a0\u00bb{}\u00a0\u00bb]<\/p>\n<h4>Textes pour <em>doku-harxheim<\/em><\/h4>\n<p>[\/et_pb_text][\/et_pb_column][\/et_pb_row][et_pb_row _builder_version=\u00a0\u00bb4.22.1&Prime; _module_preset=\u00a0\u00bbdefault\u00a0\u00bb global_colors_info=\u00a0\u00bb{}\u00a0\u00bb][et_pb_column type=\u00a0\u00bb4_4&Prime; _builder_version=\u00a0\u00bb4.22.1&Prime; _module_preset=\u00a0\u00bbdefault\u00a0\u00bb global_colors_info=\u00a0\u00bb{}\u00a0\u00bb][et_pb_text _builder_version=\u00a0\u00bb4.22.1&Prime; _module_preset=\u00a0\u00bbdefault\u00a0\u00bb global_colors_info=\u00a0\u00bb{}\u00a0\u00bb]<\/p>\n<p>En plus des vid\u00e9os, <em>doku-Harxheim<\/em> devait \u00eatre aliment\u00e9 par des textes sur Harxheim. Les th\u00e8mes principaux devraient \u00eatre l&rsquo;histoire locale r\u00e9cente et ancienne, la nature et la viticulture dans le district de Harxheim et les rapports sur les points d&rsquo;int\u00e9r\u00eat (b\u00e2timents ou \u00e9difices \u00e0 l&rsquo;histoire remarquable). La chronique locale parue en 2017 dans le cadre du 1250e anniversaire de la ville a constitu\u00e9 une bonne base de d\u00e9part, un grand nombre de textes int\u00e9ressants ont pu \u00eatre repris de la chronique dans la page web.<\/p>\n<p>[\/et_pb_text][et_pb_text _builder_version=\u00a0\u00bb4.22.1&Prime; _module_preset=\u00a0\u00bbdefault\u00a0\u00bb global_colors_info=\u00a0\u00bb{}\u00a0\u00bb]<\/p>\n<p>En outre, de tr\u00e8s nombreuses nouvelles informations sur notre localit\u00e9 ont \u00e9t\u00e9 recherch\u00e9es et un grand nombre d&rsquo;autres textes ont \u00e9t\u00e9 r\u00e9dig\u00e9s. Parmi les th\u00e8mes recens\u00e9s pour la premi\u00e8re fois, on trouve par exemple l&rsquo;histoire des concitoyens juifs de Harxheim, la ligne de d\u00e9fense Selzstellung qui est pass\u00e9e \u00e0 c\u00f4t\u00e9 de Harxheim jusqu&rsquo;\u00e0 la fin de la Premi\u00e8re Guerre mondiale et le gisement de minerai de fer Bohnerz exploit\u00e9 au XIXe si\u00e8cle sur le Eisenkopf. En outre, un article complet sur l&rsquo;histoire de Harxheim a \u00e9t\u00e9 r\u00e9dig\u00e9. La publication des notes du pasteur W\u00fcrth, r\u00e9dig\u00e9es \u00e0 l&rsquo;\u00e9poque o\u00f9 il vivait \u00e0 Harxheim, de 1909 \u00e0 1920, dans la chronique de la communaut\u00e9 protestante, constitue un autre point fort. La nature n&rsquo;est pas en reste : dans <em>doku-Harxheim<\/em>, on trouve par exemple des informations sur 40 herbes diff\u00e9rentes et 16 c\u00e9pages diff\u00e9rents que l&rsquo;on trouve sur le territoire de Harxheim. D&rsquo;autres articles traitent de l&rsquo;histoire de 24 points d&rsquo;int\u00e9r\u00eat signal\u00e9s dans la localit\u00e9. Au total, les contributions textuelles et les documents et m\u00e9dias trait\u00e9s repr\u00e9sentent un volume \u00e9quivalent \u00e0 un livre de plus de 1.000 pages.<\/p>\n<p>[\/et_pb_text][\/et_pb_column][\/et_pb_row][et_pb_row _builder_version=\u00a0\u00bb4.22.1&Prime; _module_preset=\u00a0\u00bbdefault\u00a0\u00bb global_colors_info=\u00a0\u00bb{}\u00a0\u00bb][et_pb_column type=\u00a0\u00bb4_4&Prime; _builder_version=\u00a0\u00bb4.22.1&Prime; _module_preset=\u00a0\u00bbdefault\u00a0\u00bb global_colors_info=\u00a0\u00bb{}\u00a0\u00bb][et_pb_text _builder_version=\u00a0\u00bb4.22.1&Prime; _module_preset=\u00a0\u00bbdefault\u00a0\u00bb global_colors_info=\u00a0\u00bb{}\u00a0\u00bb]<\/p>\n<h4>Int\u00e9gration de textes, de vid\u00e9os, d&rsquo;images et d&rsquo;autres contenus sur <em>doku-harxheim<\/em><\/h4>\n<p>[\/et_pb_text][\/et_pb_column][\/et_pb_row][et_pb_row _builder_version=\u00a0\u00bb4.22.1&Prime; _module_preset=\u00a0\u00bbdefault\u00a0\u00bb global_colors_info=\u00a0\u00bb{}\u00a0\u00bb][et_pb_column type=\u00a0\u00bb4_4&Prime; _builder_version=\u00a0\u00bb4.22.1&Prime; _module_preset=\u00a0\u00bbdefault\u00a0\u00bb global_colors_info=\u00a0\u00bb{}\u00a0\u00bb][et_pb_text _builder_version=\u00a0\u00bb4.22.1&Prime; _module_preset=\u00a0\u00bbdefault\u00a0\u00bb global_colors_info=\u00a0\u00bb{}\u00a0\u00bb]<\/p>\n<p>Une attention toute particuli\u00e8re a \u00e9t\u00e9 accord\u00e9e \u00e0 la garantie m\u00e9ticuleuse des droits d&rsquo;auteur et des sources. D\u00e9j\u00e0 dans le cadre de la syst\u00e9matique d\u00e9velopp\u00e9e sp\u00e9cialement pour le projet, il a \u00e9t\u00e9 garanti que chaque source soit nomm\u00e9e, que chaque source d&rsquo;images soit document\u00e9e et que chaque document ou m\u00e9dia trait\u00e9 soit marqu\u00e9 en cons\u00e9quence. <\/p>\n<p>[\/et_pb_text][et_pb_text _builder_version=\u00a0\u00bb4.22.1&Prime; _module_preset=\u00a0\u00bbdefault\u00a0\u00bb global_colors_info=\u00a0\u00bb{}\u00a0\u00bb]<\/p>\n<p>L&rsquo;int\u00e9gration de toutes les vid\u00e9os et de tous les textes dans la nouvelle page web <em>doku-Harxheim<\/em> a \u00e9t\u00e9 une \u00e9tape qui a pris beaucoup de temps et qui a n\u00e9cessit\u00e9 de vastes connaissances sp\u00e9cifiques. Outre l&rsquo;insertion sans erreur de vid\u00e9os, de textes et d&rsquo;un grand nombre de photos, il fallait \u00e9galement structurer l&rsquo;ensemble du contenu par th\u00e8me et le lier de mani\u00e8re \u00e0 ce que l&rsquo;utilisateur puisse d\u00e9sormais surfer avec plaisir sur les contenus. Dans un deuxi\u00e8me temps, toutes les contributions ont \u00e9t\u00e9 traduites en anglais et en fran\u00e7ais.<\/p>\n<p>[\/et_pb_text][\/et_pb_column][\/et_pb_row][et_pb_row _builder_version=\u00a0\u00bb4.22.1&Prime; _module_preset=\u00a0\u00bbdefault\u00a0\u00bb global_colors_info=\u00a0\u00bb{}\u00a0\u00bb][et_pb_column type=\u00a0\u00bb4_4&Prime; _builder_version=\u00a0\u00bb4.22.1&Prime; _module_preset=\u00a0\u00bbdefault\u00a0\u00bb global_colors_info=\u00a0\u00bb{}\u00a0\u00bb][et_pb_text _builder_version=\u00a0\u00bb4.22.1&Prime; _module_preset=\u00a0\u00bbdefault\u00a0\u00bb global_colors_info=\u00a0\u00bb{}\u00a0\u00bb]<\/p>\n<h4>Planification des chemins et signalisation<\/h4>\n<p>[\/et_pb_text][\/et_pb_column][\/et_pb_row][et_pb_row _builder_version=\u00a0\u00bb4.22.1&Prime; _module_preset=\u00a0\u00bbdefault\u00a0\u00bb global_colors_info=\u00a0\u00bb{}\u00a0\u00bb][et_pb_column type=\u00a0\u00bb4_4&Prime; _builder_version=\u00a0\u00bb4.22.1&Prime; _module_preset=\u00a0\u00bbdefault\u00a0\u00bb global_colors_info=\u00a0\u00bb{}\u00a0\u00bb][et_pb_text _builder_version=\u00a0\u00bb4.22.1&Prime; _module_preset=\u00a0\u00bbdefault\u00a0\u00bb global_colors_info=\u00a0\u00bb{}\u00a0\u00bb]<\/p>\n<p>Le groupe de travail a d\u00e9fini le trac\u00e9 des deux sentiers \u00e0 am\u00e9nager dans la commune \u00e0 l&rsquo;occasion de plusieurs randonn\u00e9es et promenades. La cr\u00e9ation des panneaux indicateurs a \u00e9t\u00e9 r\u00e9alis\u00e9e avec le soutien de bureaux professionnels de planification des sentiers, en respectant les directives du Land de Rh\u00e9nanie-Palatinat pour les sentiers de randonn\u00e9e \u00e0 th\u00e8me importants sur le plan touristique.<\/p>\n<p>[\/et_pb_text][\/et_pb_column][\/et_pb_row][et_pb_row column_structure=\u00a0\u00bb1_3,1_3,1_3&Prime; _builder_version=\u00a0\u00bb4.22.1&Prime; _module_preset=\u00a0\u00bbdefault\u00a0\u00bb global_colors_info=\u00a0\u00bb{}\u00a0\u00bb][et_pb_column type=\u00a0\u00bb1_3&Prime; _builder_version=\u00a0\u00bb4.22.1&Prime; _module_preset=\u00a0\u00bbdefault\u00a0\u00bb global_colors_info=\u00a0\u00bb{}\u00a0\u00bb][et_pb_image src=\u00a0\u00bbhttps:\/\/doku-harxheim.de\/wp-content\/uploads\/2023\/09\/A-Das-Projekt-1-B3-scaled.jpg\u00a0\u00bb title_text=\u00a0\u00bbA Le projet 1 B3&Prime; show_in_lightbox=\u00a0\u00bbon\u00a0\u00bb _builder_version=\u00a0\u00bb4.22.1&Prime; _module_preset=\u00a0\u00bbdefault\u00a0\u00bb box_shadow_style=\u00a0\u00bbpreset2&Prime; global_colors_info=\u00a0\u00bb{}\u00a0\u00bb][\/et_pb_image][et_pb_text _builder_version=\u00a0\u00bb4.22.1&Prime; _module_preset=\u00a0\u00bbdefault\u00a0\u00bb text_font_size=\u00a0\u00bb13px\u00a0\u00bb custom_margin=\u00a0\u00bb26px||-1px|||\u00a0\u00bb global_colors_info=\u00a0\u00bb{}\u00a0\u00bb]<\/p>\n<p style=\"text-align: center;\">Inauguration de la boucle du Kleiner Mainzer H\u00f6henweg le 30.09.2022<\/p>\n<p>[\/et_pb_text][et_pb_text _builder_version=\u00a0\u00bb4.22.1&Prime; _module_preset=\u00a0\u00bbdefault\u00a0\u00bb text_font_size=\u00a0\u00bb8px\u00a0\u00bb global_colors_info=\u00a0\u00bb{}\u00a0\u00bb]<\/p>\n<p style=\"text-align: center;\"><span>Source de l&rsquo;image : Siegfried Sch\u00e4fer<\/span><\/p>\n<p>[\/et_pb_text][\/et_pb_column][et_pb_column type=\u00a0\u00bb1_3&Prime; _builder_version=\u00a0\u00bb4.22.1&Prime; _module_preset=\u00a0\u00bbdefault\u00a0\u00bb global_colors_info=\u00a0\u00bb{}\u00a0\u00bb][et_pb_text _builder_version=\u00a0\u00bb4.22.1&Prime; _module_preset=\u00a0\u00bbdefault\u00a0\u00bb global_colors_info=\u00a0\u00bb{}\u00a0\u00bb]<\/p>\n<p>En \u00e9t\u00e9 2022, les anciennes plaques de rep\u00e9rage ont \u00e9t\u00e9 remplac\u00e9es par de nouvelles plaques de rep\u00e9rage. Les textes r\u00e9vis\u00e9s ont en outre \u00e9t\u00e9 compl\u00e9t\u00e9s par une repr\u00e9sentation graphique indiquant l&#8217;emplacement exact de chaque couloir. La boucle du Kleines Mainzer H\u00f6henweg, qui s&rsquo;\u00e9tend de Gau-Bischofsheim \u00e0 Ebersheim, a \u00e9galement \u00e9t\u00e9 balis\u00e9e en \u00e9t\u00e9 2022. En raison de la grande s\u00e9cheresse et de la chaleur, le travail de l&rsquo;\u00e9quipe de signalisation a \u00e9t\u00e9 tr\u00e8s \u00e9prouvant, car il s&rsquo;agissait entre autres de r\u00e9aliser des fondations en b\u00e9ton pour les poteaux n\u00e9cessaires dans le sol durci. L&rsquo;inauguration de la nouvelle boucle a eu lieu le 30.09.2023 dans le cadre d&rsquo;une manifestation organis\u00e9e \u00e0 la tour du Schlo\u00dfberg en pr\u00e9sence de nombreux invit\u00e9s d&rsquo;honneur. Bien entendu, le VinoMobil a \u00e9galement \u00e9t\u00e9 utilis\u00e9.<\/p>\n<p>[\/et_pb_text][\/et_pb_column][et_pb_column type=\u00a0\u00bb1_3&Prime; _builder_version=\u00a0\u00bb4.22.1&Prime; _module_preset=\u00a0\u00bbdefault\u00a0\u00bb global_colors_info=\u00a0\u00bb{}\u00a0\u00bb][et_pb_image src=\u00a0\u00bbhttps:\/\/doku-harxheim.de\/wp-content\/uploads\/2023\/09\/A-Das-Projekt-1-B4-scaled.jpg\u00a0\u00bb title_text=\u00a0\u00bbA Le projet 1 B4&Prime; show_in_lightbox=\u00a0\u00bbon\u00a0\u00bb _builder_version=\u00a0\u00bb4.22.1&Prime; _module_preset=\u00a0\u00bbdefault\u00a0\u00bb box_shadow_style=\u00a0\u00bbpreset2&Prime; global_colors_info=\u00a0\u00bb{}\u00a0\u00bb][\/et_pb_image][et_pb_text _builder_version=\u00a0\u00bb4.22.1&Prime; _module_preset=\u00a0\u00bbdefault\u00a0\u00bb global_colors_info=\u00a0\u00bb{}\u00a0\u00bb]<\/p>\n<p style=\"text-align: center;\">Invit\u00e9s d&rsquo;honneur et participants au projet lors de l&rsquo;inauguration de la boucle du \u00ab\u00a0Kleines Mainzer H\u00f6heweg\u00a0\u00bb.<\/p>\n<p>[\/et_pb_text][et_pb_text _builder_version=\u00a0\u00bb4.22.1&Prime; _module_preset=\u00a0\u00bbdefault\u00a0\u00bb text_font_size=\u00a0\u00bb8px\u00a0\u00bb global_colors_info=\u00a0\u00bb{}\u00a0\u00bb]<\/p>\n<p><span>Source de l&rsquo;image : Siegfried Sch\u00e4fer<\/span><\/p>\n<p>[\/et_pb_text][\/et_pb_column][\/et_pb_row][et_pb_row _builder_version=\u00a0\u00bb4.22.1&Prime; _module_preset=\u00a0\u00bbdefault\u00a0\u00bb global_colors_info=\u00a0\u00bb{}\u00a0\u00bb][et_pb_column type=\u00a0\u00bb4_4&Prime; _builder_version=\u00a0\u00bb4.22.1&Prime; _module_preset=\u00a0\u00bbdefault\u00a0\u00bb global_colors_info=\u00a0\u00bb{}\u00a0\u00bb][et_pb_text _builder_version=\u00a0\u00bb4.22.1&Prime; _module_preset=\u00a0\u00bbdefault\u00a0\u00bb global_colors_info=\u00a0\u00bb{}\u00a0\u00bb]<\/p>\n<p>L&rsquo;\u00e9tape suivante, au printemps 2023, a consist\u00e9 pour le groupe de travail \u00e0 accrocher 24 panneaux de POI dans le village. Les panneaux se trouvent sur des b\u00e2timents qui, en raison de leur substance architecturale et\/ou de leur histoire, rev\u00eatent une importance particuli\u00e8re pour notre localit\u00e9.<\/p>\n<p>[\/et_pb_text][et_pb_text _builder_version=\u00a0\u00bb4.22.1&Prime; _module_preset=\u00a0\u00bbdefault\u00a0\u00bb global_colors_info=\u00a0\u00bb{}\u00a0\u00bb]<\/p>\n<p>En \u00e9t\u00e9 2023, le sentier panoramique de Harxheim, un circuit de randonn\u00e9e de 6 km autour de Harxheim, a \u00e9t\u00e9 balis\u00e9. Outre la signalisation des sentiers, de nombreux panneaux d&rsquo;information ont \u00e9t\u00e9 install\u00e9s, notamment sur les herbes et les oiseaux locaux. En outre, il existe d\u00e9sormais un circuit historique dans le centre historique de la ville, qui passe par un grand nombre des 24 points d&rsquo;int\u00e9r\u00eat.<\/p>\n<p>[\/et_pb_text][et_pb_text _builder_version=\u00a0\u00bb4.22.1&Prime; _module_preset=\u00a0\u00bbdefault\u00a0\u00bb global_colors_info=\u00a0\u00bb{}\u00a0\u00bb]<\/p>\n<p>Des panneaux synoptiques, \u00e9galement install\u00e9s en \u00e9t\u00e9 2023, informeront les randonneurs et les promeneurs int\u00e9ress\u00e9s \u00e0 plusieurs endroits (par exemple sur la place de la Balance, au parking du cimeti\u00e8re et au centre communal) sur le sentier panoramique et le circuit historique du village.<\/p>\n<p>[\/et_pb_text][\/et_pb_column][\/et_pb_row][et_pb_row _builder_version=\u00a0\u00bb4.22.1&Prime; _module_preset=\u00a0\u00bbdefault\u00a0\u00bb global_colors_info=\u00a0\u00bb{}\u00a0\u00bb][et_pb_column type=\u00a0\u00bb4_4&Prime; _builder_version=\u00a0\u00bb4.22.1&Prime; _module_preset=\u00a0\u00bbdefault\u00a0\u00bb global_colors_info=\u00a0\u00bb{}\u00a0\u00bb][et_pb_text _builder_version=\u00a0\u00bb4.22.1&Prime; _module_preset=\u00a0\u00bbdefault\u00a0\u00bb global_colors_info=\u00a0\u00bb{}\u00a0\u00bb]<\/p>\n<h4>Lien entre les panneaux et la page web via des codes QR<\/h4>\n<p>[\/et_pb_text][\/et_pb_column][\/et_pb_row][et_pb_row _builder_version=\u00a0\u00bb4.22.1&Prime; _module_preset=\u00a0\u00bbdefault\u00a0\u00bb global_colors_info=\u00a0\u00bb{}\u00a0\u00bb][et_pb_column type=\u00a0\u00bb4_4&Prime; _builder_version=\u00a0\u00bb4.22.1&Prime; _module_preset=\u00a0\u00bbdefault\u00a0\u00bb global_colors_info=\u00a0\u00bb{}\u00a0\u00bb][et_pb_text _builder_version=\u00a0\u00bb4.22.1&Prime; _module_preset=\u00a0\u00bbdefault\u00a0\u00bb global_colors_info=\u00a0\u00bb{}\u00a0\u00bb]<\/p>\n<p>La derni\u00e8re \u00e9tape consistait \u00e0 \u00e9quiper de codes QR tous les panneaux et plaques d&rsquo;information du village et de la commune. Les codes QR permettent de consulter sur place des informations plus d\u00e9taill\u00e9es sur <em>doku-Harxheim<\/em>. Il a fallu faire preuve d&rsquo;une grande prudence pour s&rsquo;assurer que tous les codes QR, dont le nombre d\u00e9passe la centaine, \u00e9taient bien coll\u00e9s sur le bon panneau.<\/p>\n<p>[\/et_pb_text][\/et_pb_column][\/et_pb_row][et_pb_row _builder_version=\u00a0\u00bb4.22.1&Prime; _module_preset=\u00a0\u00bbdefault\u00a0\u00bb global_colors_info=\u00a0\u00bb{}\u00a0\u00bb][et_pb_column type=\u00a0\u00bb4_4&Prime; _builder_version=\u00a0\u00bb4.22.1&Prime; _module_preset=\u00a0\u00bbdefault\u00a0\u00bb global_colors_info=\u00a0\u00bb{}\u00a0\u00bb][et_pb_text _builder_version=\u00a0\u00bb4.22.1&Prime; _module_preset=\u00a0\u00bbdefault\u00a0\u00bb global_colors_info=\u00a0\u00bb{}\u00a0\u00bb]<\/p>\n<h4>Remerciements<\/h4>\n<p>[\/et_pb_text][\/et_pb_column][\/et_pb_row][et_pb_row _builder_version=\u00a0\u00bb4.22.1&Prime; _module_preset=\u00a0\u00bbdefault\u00a0\u00bb global_colors_info=\u00a0\u00bb{}\u00a0\u00bb][et_pb_column type=\u00a0\u00bb4_4&Prime; _builder_version=\u00a0\u00bb4.22.1&Prime; _module_preset=\u00a0\u00bbdefault\u00a0\u00bb global_colors_info=\u00a0\u00bb{}\u00a0\u00bb][et_pb_text _builder_version=\u00a0\u00bb4.22.2&Prime; _module_preset=\u00a0\u00bbdefault\u00a0\u00bb hover_enabled=\u00a0\u00bb0&Prime; global_colors_info=\u00a0\u00bb{}\u00a0\u00bb sticky_enabled=\u00a0\u00bb0&Prime;]<\/p>\n<ul>\n<li>tous les habitants de Harxheim qui se sont mis \u00e0 disposition pour des enregistrements vid\u00e9o<\/li>\n<li>tous les habitants de Harxheim qui ont apport\u00e9 des informations dans le cadre de nos recherches et qui ont soutenu le groupe de travail avec leurs connaissances<\/li>\n<li>la commune de Harxheim, qui a soutenu le contenu et le financement du projet<\/li>\n<li>l&rsquo;\u00e9glise protestante, qui a autoris\u00e9 l&rsquo;HVV \u00e0 transcrire les notes du pasteur W\u00fcrth dans la chronique protestante de la commune et \u00e0 les publier sur le site <em>doku-harxheim.de<\/em><\/li>\n<li>Magdalena Haag et Mareike Fox du management r\u00e9gional du groupe d&rsquo;action locale LEADER Rheinhessen, qui nous ont accompagn\u00e9s de mani\u00e8re tr\u00e8s comp\u00e9tente et serviable pour toutes les questions relatives \u00e0 la demande et \u00e0 l&rsquo;obtention des subventions LEADER.<\/li>\n<li>Ralph Heinrichs, responsable des sentiers au Club alpin allemand, section Mayence, qui nous a aid\u00e9s avec beaucoup de gentillesse et d&rsquo;engagement pour l&rsquo;am\u00e9nagement de la boucle du Kleines Mainzer H\u00f6henweg.<\/li>\n<li>tous les auteurs de la chronique locale de Harxheim de 2017, qui nous ont permis de publier leurs articles sur le site <em>doku-harxheim<\/em><\/li>\n<li>Gerhard Kr\u00e4mer, qui a mis \u00e0 notre disposition son manuscrit in\u00e9dit \u00ab\u00a0Notizen zu Harxheim\u00a0\u00bb.<\/li>\n<li>Irmgard Kaiser-Vreke, qui a num\u00e9ris\u00e9 de nombreuses photos anciennes pour le projet.<\/li>\n<li>Hans Vreke, qui a apport\u00e9 un soutien actif \u00e0 l&rsquo;\u00e9quipe de signalisation<\/li>\n<li>Wolfgang Beckenbach, qui a effectu\u00e9 des travaux de soudure dans le cadre de la signalisation des sentiers<\/li>\n<li>Gerhard Buchert, qui nous a aid\u00e9s \u00e0 installer les cadres des panneaux.<\/li>\n<li><span>Florian Imbusch pour les enregistrements et la technique vid\u00e9o, le montage vid\u00e9o, l&rsquo;\u00e9clairage et le montage<\/span><\/li>\n<li>Camilla Madsen &#8211; sans elle, le site web <em>doku-harxheim<\/em> n&rsquo;aurait pas \u00e9t\u00e9 possible.<\/li>\n<\/ul>\n<p>En outre, le groupe de travail remercie tous ceux qui l&rsquo;ont motiv\u00e9 \u00e0 travailler sur le projet par leur int\u00e9r\u00eat et leur approbation.<\/p>\n<p>[\/et_pb_text][\/et_pb_column][\/et_pb_row][et_pb_row _builder_version=\u00a0\u00bb4.22.1&Prime; _module_preset=\u00a0\u00bbdefault\u00a0\u00bb global_colors_info=\u00a0\u00bb{}\u00a0\u00bb][et_pb_column type=\u00a0\u00bb4_4&Prime; _builder_version=\u00a0\u00bb4.22.1&Prime; _module_preset=\u00a0\u00bbdefault\u00a0\u00bb global_colors_info=\u00a0\u00bb{}\u00a0\u00bb][et_pb_text _builder_version=\u00a0\u00bb4.22.1&Prime; _module_preset=\u00a0\u00bbdefault\u00a0\u00bb global_colors_info=\u00a0\u00bb{}\u00a0\u00bb]<\/p>\n<p><em>Le groupe de travail \u00ab\u00a0Harxheim : circuits, documentation locale et t\u00e9moins de l&rsquo;\u00e9poque\u00a0\u00bb du HVV-Harxheim en ao\u00fbt 2023<\/em><\/p>\n<p>[\/et_pb_text][\/et_pb_column][\/et_pb_row][\/et_pb_section]<\/p>\n","protected":false},"excerpt":{"rendered":"<p>\u00ab\u00a0Harxheim : circuits, documentation locale et t\u00e9moins de l&rsquo;\u00e9poque\u00a0\u00bb : C&rsquo;est le nom un peu encombrant du plus grand projet de HVV \u00e0 ce jour, apr\u00e8s la f\u00eate des vignes. Dans le cadre de ce projet financ\u00e9 principalement par des fonds europ\u00e9ens LEADER, le circuit historique de la localit\u00e9, le sentier panoramique de Harxheim ainsi [&hellip;]<\/p>\n","protected":false},"author":11,"featured_media":10447,"comment_status":"closed","ping_status":"closed","sticky":false,"template":"","format":"standard","meta":{"_et_pb_use_builder":"on","_et_pb_old_content":"","_et_gb_content_width":"","footnotes":""},"categories":[155],"tags":[],"class_list":["post-11126","post","type-post","status-publish","format-standard","has-post-thumbnail","hentry","category-projet"],"_links":{"self":[{"href":"https:\/\/doku-harxheim.de\/fr\/wp-json\/wp\/v2\/posts\/11126","targetHints":{"allow":["GET"]}}],"collection":[{"href":"https:\/\/doku-harxheim.de\/fr\/wp-json\/wp\/v2\/posts"}],"about":[{"href":"https:\/\/doku-harxheim.de\/fr\/wp-json\/wp\/v2\/types\/post"}],"author":[{"embeddable":true,"href":"https:\/\/doku-harxheim.de\/fr\/wp-json\/wp\/v2\/users\/11"}],"replies":[{"embeddable":true,"href":"https:\/\/doku-harxheim.de\/fr\/wp-json\/wp\/v2\/comments?post=11126"}],"version-history":[{"count":14,"href":"https:\/\/doku-harxheim.de\/fr\/wp-json\/wp\/v2\/posts\/11126\/revisions"}],"predecessor-version":[{"id":11348,"href":"https:\/\/doku-harxheim.de\/fr\/wp-json\/wp\/v2\/posts\/11126\/revisions\/11348"}],"wp:featuredmedia":[{"embeddable":true,"href":"https:\/\/doku-harxheim.de\/fr\/wp-json\/wp\/v2\/media\/10447"}],"wp:attachment":[{"href":"https:\/\/doku-harxheim.de\/fr\/wp-json\/wp\/v2\/media?parent=11126"}],"wp:term":[{"taxonomy":"category","embeddable":true,"href":"https:\/\/doku-harxheim.de\/fr\/wp-json\/wp\/v2\/categories?post=11126"},{"taxonomy":"post_tag","embeddable":true,"href":"https:\/\/doku-harxheim.de\/fr\/wp-json\/wp\/v2\/tags?post=11126"}],"curies":[{"name":"wp","href":"https:\/\/api.w.org\/{rel}","templated":true}]}}