{"id":4153,"date":"2023-03-26T10:00:46","date_gmt":"2023-03-26T10:00:46","guid":{"rendered":"http:\/\/doku-harxheim.de\/weinbau-in-harxheim-die-firmengeschichte-von-pflugbau-bucking"},"modified":"2023-08-12T11:02:12","modified_gmt":"2023-08-12T11:02:12","slug":"weinbau-in-harxheim-die-firmengeschichte-von-pflugbau-bucking","status":"publish","type":"post","link":"https:\/\/doku-harxheim.de\/en\/weinbau-in-harxheim-die-firmengeschichte-von-pflugbau-bucking","title":{"rendered":"Viticulture in Harxheim &#8211; The company history of Pflugbau B\u00fccking"},"content":{"rendered":"<p>[et_pb_section fb_built=&#8221;1&#8243; _builder_version=&#8221;4.16&#8243; min_height=&#8221;151px&#8221; custom_margin=&#8221;||||false|false&#8221; custom_padding=&#8221;0px||6px||false|false&#8221; global_colors_info=&#8221;{}&#8221;][et_pb_row _builder_version=&#8221;4.16&#8243; custom_margin=&#8221;||||false|false&#8221; custom_padding=&#8221;0px||||false|false&#8221; global_colors_info=&#8221;{}&#8221;][et_pb_column type=&#8221;4_4&#8243; _builder_version=&#8221;4.16&#8243; global_colors_info=&#8221;{}&#8221;][et_pb_post_title title=&#8221;off&#8221; categories=&#8221;off&#8221; comments=&#8221;off&#8221; featured_image=&#8221;off&#8221; _builder_version=&#8221;4.16&#8243; meta_font=&#8221;|700||on|||||&#8221; meta_text_color=&#8221;gcid-1ba3a96e-9d31-4f54-aae7-420968453e89&#8243; meta_font_size=&#8221;12px&#8221; meta_letter_spacing=&#8221;1px&#8221; global_colors_info=&#8221;{%22gcid-1ba3a96e-9d31-4f54-aae7-420968453e89%22:%91%22meta_text_color%22%93}&#8221;][\/et_pb_post_title][et_pb_post_title meta=&#8221;off&#8221; featured_image=&#8221;off&#8221; _builder_version=&#8221;4.16&#8243; title_font=&#8221;Montserrat|700|||||||&#8221; title_font_size=&#8221;50px&#8221; title_line_height=&#8221;1.2em&#8221; custom_margin=&#8221;||-16px|||&#8221; title_font_size_tablet=&#8221;50px&#8221; title_font_size_phone=&#8221;24px&#8221; title_font_size_last_edited=&#8221;on|desktop&#8221; locked=&#8221;off&#8221; global_colors_info=&#8221;{}&#8221;][\/et_pb_post_title][\/et_pb_column][\/et_pb_row][et_pb_row _builder_version=&#8221;4.16&#8243; _module_preset=&#8221;default&#8221; custom_padding=&#8221;7px||5px|||&#8221; global_colors_info=&#8221;{}&#8221;][et_pb_column type=&#8221;4_4&#8243; _builder_version=&#8221;4.16&#8243; _module_preset=&#8221;default&#8221; global_colors_info=&#8221;{}&#8221;][et_pb_text _builder_version=&#8221;4.19.0&#8243; _module_preset=&#8221;default&#8221; header_2_font_size=&#8221;19px&#8221; global_colors_info=&#8221;{}&#8221;]<\/p>\n<h4><em>At the eastern end of Harxheim lies the site of the Buchert locksmith&#8217;s shop. Until 1970, vineyard plows were produced here, which were known far beyond our region. Jakob B\u00fccking, the grandfather of the current owner, founded the company in 1924.<\/em><\/h4>\n<p>[\/et_pb_text][\/et_pb_column][\/et_pb_row][et_pb_row column_structure=&#8221;3_5,2_5&#8243; _builder_version=&#8221;4.20.2&#8243; _module_preset=&#8221;default&#8221; custom_padding=&#8221;6px||0px||false|false&#8221; global_colors_info=&#8221;{}&#8221;][et_pb_column type=&#8221;3_5&#8243; _builder_version=&#8221;4.19.0&#8243; _module_preset=&#8221;default&#8221; global_colors_info=&#8221;{}&#8221;][et_pb_text _builder_version=&#8221;4.19.0&#8243; _module_preset=&#8221;default&#8221; global_colors_info=&#8221;{}&#8221;]<\/p>\n<p>The B\u00fccking family originally came from Alsfeld in Upper Hesse. In the town there is a burgher house (B\u00fccking House), from which probably Jakob B\u00fccking or his ancestors came. The family came to Gau-Odernheim, where Jakob B\u00fccking (1885 &#8211; 1957) grew up. In his childhood the railroad lines were built in Rheinhessen, this interested him very much. Jakob B\u00fccking was a locksmith by trade. Initially, he worked in Gau-Odernheim at the agricultural machinery company Acker. Through the company, he also came to Harxheim, among other places, to repair machines on site. Opposite the present premises of the locksmith&#8217;s shop &#8211; at that time undeveloped wetlands &#8211; used to stand the inn of Jakob and Kathrin Mann. Jakob B\u00fccking went there to have an after-work drink. At that time, he had seen vineyard plows at the B\u00f6hmer agricultural machinery company in Alzey, and he had the idea of improving them technically.<\/p>\n<p>[\/et_pb_text][\/et_pb_column][et_pb_column type=&#8221;2_5&#8243; _builder_version=&#8221;4.19.0&#8243; _module_preset=&#8221;default&#8221; global_colors_info=&#8221;{}&#8221;][et_pb_image src=&#8221;http:\/\/doku-harxheim.de\/wp-content\/uploads\/2022\/11\/HGE-02-a-B1-Weinbau-in-Harxheim-Bucking.jpg&#8221; title_text=&#8221;HGE 02 a B1 Viticulture in Harxheim &#8211; B\u00fccking&#8221; show_in_lightbox=&#8221;on&#8221; _builder_version=&#8221;4.19.0&#8243; _module_preset=&#8221;default&#8221; box_shadow_style=&#8221;preset2&#8243; global_colors_info=&#8221;{}&#8221;][\/et_pb_image][et_pb_text _builder_version=&#8221;4.20.2&#8243; _module_preset=&#8221;default&#8221; text_font_size=&#8221;13px&#8221; custom_margin=&#8221;26px||-1px|||&#8221; global_colors_info=&#8221;{}&#8221;]<\/p>\n<p style=\"text-align: center;\">B\u00fccking workshop building probably 1950s, in front left a second Harxheim weigh house (there was also a <a href=\"https:\/\/doku-harxheim.de\/en\/die-ortswaagen-die-waage-am-ehemaligen-bahnubergang-in-der-bahnhofstrase\" target=\"_blank\" rel=\"noopener\">weigh house at the place at the scale<\/a> in the center of the village)<\/p>\n<p>[\/et_pb_text][et_pb_text _builder_version=&#8221;4.20.2&#8243; _module_preset=&#8221;default&#8221; text_font_size=&#8221;8px&#8221; global_colors_info=&#8221;{}&#8221;]<\/p>\n<p style=\"text-align: center;\"><span>Image source: Gerhard Buchert<\/span><\/p>\n<p>[\/et_pb_text][\/et_pb_column][\/et_pb_row][et_pb_row column_structure=&#8221;1_2,1_2&#8243; _builder_version=&#8221;4.20.2&#8243; _module_preset=&#8221;default&#8221; custom_padding=&#8221;||0px||false|false&#8221; global_colors_info=&#8221;{}&#8221;][et_pb_column type=&#8221;1_2&#8243; _builder_version=&#8221;4.19.0&#8243; _module_preset=&#8221;default&#8221; global_colors_info=&#8221;{}&#8221;][et_pb_image src=&#8221;http:\/\/doku-harxheim.de\/wp-content\/uploads\/2022\/11\/HGE-02-a-B2-Weinbau-in-Harxheim-Bucking.jpg&#8221; title_text=&#8221;HGE 02 a B2 Viticulture in Harxheim &#8211; B\u00fccking&#8221; show_in_lightbox=&#8221;on&#8221; _builder_version=&#8221;4.19.0&#8243; _module_preset=&#8221;default&#8221; width=&#8221;100%&#8221; module_alignment=&#8221;center&#8221; box_shadow_style=&#8221;preset2&#8243; global_colors_info=&#8221;{}&#8221;][\/et_pb_image][et_pb_text _builder_version=&#8221;4.20.2&#8243; _module_preset=&#8221;default&#8221; text_font_size=&#8221;13px&#8221; custom_margin=&#8221;26px||-1px|||&#8221; global_colors_info=&#8221;{}&#8221;]<\/p>\n<p style=\"text-align: center;\">Jakob B\u00fccking with his plows 1939<\/p>\n<p>[\/et_pb_text][et_pb_text _builder_version=&#8221;4.20.2&#8243; _module_preset=&#8221;default&#8221; text_font_size=&#8221;8px&#8221; global_colors_info=&#8221;{}&#8221;]<\/p>\n<p style=\"text-align: center;\"><span>Image source: Gerhard Buchert<\/span><\/p>\n<p>[\/et_pb_text][\/et_pb_column][et_pb_column type=&#8221;1_2&#8243; _builder_version=&#8221;4.19.0&#8243; _module_preset=&#8221;default&#8221; global_colors_info=&#8221;{}&#8221;][et_pb_text _builder_version=&#8221;4.19.0&#8243; _module_preset=&#8221;default&#8221; global_colors_info=&#8221;{}&#8221;]<\/p>\n<p>Jakob B\u00fccking entertained the idea of going into business for himself and putting his ideas into practice. As a future business location, his choice fell on the aforementioned wetland area, which was uninteresting from an agricultural point of view. He managed to acquire it at a very reasonable price. The nearby railroad station &#8211; the Amiche line, opened in 1896, passed by here &#8211; also made the property interesting for the procurement of materials and the expedition of its products. He had the site filled in and built his workshop here in 1924. Because of the constant wetness, no basement rooms were created.<\/p>\n<p>[\/et_pb_text][\/et_pb_column][\/et_pb_row][et_pb_row _builder_version=&#8221;4.19.0&#8243; _module_preset=&#8221;default&#8221; global_colors_info=&#8221;{}&#8221;][et_pb_column type=&#8221;4_4&#8243; _builder_version=&#8221;4.19.0&#8243; _module_preset=&#8221;default&#8221; global_colors_info=&#8221;{}&#8221;][et_pb_text _builder_version=&#8221;4.19.0&#8243; _module_preset=&#8221;default&#8221; global_colors_info=&#8221;{}&#8221;]<\/p>\n<p>By the way, there was a second Harxheim weigh house on the left in front of the company premises at that time, which was needed due to the freight traffic at the station. Jakob B\u00fccking himself forged the gate to the company premises that still exists today, and the gate in front of the former B\u00f6hm bakery at Gaustra\u00dfe 11 was also made by him.  <\/p>\n<p>[\/et_pb_text][et_pb_text _builder_version=&#8221;4.19.0&#8243; _module_preset=&#8221;default&#8221; global_colors_info=&#8221;{}&#8221;]<\/p>\n<p>After the start of the plow production, a considerable sales success was achieved quickly and the vineyard equipment gained a very good reputation among the winegrowers far beyond the Harxheim borders. From 1924 &#8211; 1970, a total of more than 10,000 vineyard plows were produced. The company developed accordingly well, had incl. apprentices, the company employed around 20 people and was an important employer for Harxheim at the time.<\/p>\n<p>[\/et_pb_text][et_pb_text _builder_version=&#8221;4.19.0&#8243; _module_preset=&#8221;default&#8221; global_colors_info=&#8221;{}&#8221;]<\/p>\n<p>The plows were mainly sold in Rheinhessen and in the Rheingau region as well as on the Mosel, but there were also buyers in other German growing areas. The transport took place from the train station in Harxheim. As far as is known, no exports were made. Distribution was mainly through agricultural machinery dealers and farmers&#8217; main cooperatives. Large customers, such as the Guntrum winery in Oppenheim, which ordered several plows in one order, were also supplied directly. Good customers were given a miniature plow &#8211; usually a journeyman&#8217;s piece &#8211; to display in their showrooms, a vivid and fully functional advertising medium. Before the outbreak of the 2nd World War, a plow cost approx.120 Reichsmark.<\/p>\n<p>[\/et_pb_text][et_pb_text _builder_version=&#8221;4.19.0&#8243; _module_preset=&#8221;default&#8221; global_colors_info=&#8221;{}&#8221;]<\/p>\n<p>Jakob B\u00fccking &#8211; known for his clear language and sometimes very robust treatment of fellow human beings &#8211; was no friend of the Nazi regime and an avowed opponent of Hitler. He expressed this openly. A line-loyal tax collector who came to the company in the mid-1930s was once dissuaded from his planned collection with rude words and the ever-ready sledgehammer, and was never seen again in the locksmith&#8217;s store after this memorable encounter with Jakob B\u00fccking.<\/p>\n<p>[\/et_pb_text][et_pb_text _builder_version=&#8221;4.19.0&#8243; _module_preset=&#8221;default&#8221; global_colors_info=&#8221;{}&#8221;]<\/p>\n<p>At the beginning of the war in 1939, the company had a large stock of individual parts for plow production, which was sufficient for the assembly of 500 devices. Since metal was subject to compulsory management as a raw material vital to the war effort, there was always the danger of having to hand over the material in the event of unannounced inspections. Well hidden on the company grounds, a plow was always assembled when needed and used as a coveted barter item during wartime. The winter months were usually used for the production of the individual parts for the plows. From spring into the fall, customer demand began, and assembly usually took place after orders were received.<\/p>\n<p>[\/et_pb_text][et_pb_text _builder_version=&#8221;4.19.0&#8243; _module_preset=&#8221;default&#8221; global_colors_info=&#8221;{}&#8221;]<\/p>\n<p>Most of the parts for the plow were made by the company itself. This also applies to the steel springs formed from continuous spring wire in a complicated process, which were required for the movable outer shares.<\/p>\n<p>[\/et_pb_text][\/et_pb_column][\/et_pb_row][et_pb_row column_structure=&#8221;2_5,3_5&#8243; _builder_version=&#8221;4.20.2&#8243; _module_preset=&#8221;default&#8221; custom_padding=&#8221;||0px||false|false&#8221; global_colors_info=&#8221;{}&#8221;][et_pb_column type=&#8221;2_5&#8243; _builder_version=&#8221;4.19.0&#8243; _module_preset=&#8221;default&#8221; global_colors_info=&#8221;{}&#8221;][et_pb_image src=&#8221;http:\/\/doku-harxheim.de\/wp-content\/uploads\/2022\/11\/HGE-02-a-B6-Weinbau-in-Harxheim-Bucking-scaled.jpg&#8221; title_text=&#8221;HGE 02 a B6 Viticulture in Harxheim &#8211; B\u00fccking&#8221; show_in_lightbox=&#8221;on&#8221; _builder_version=&#8221;4.19.0&#8243; _module_preset=&#8221;default&#8221; width=&#8221;74%&#8221; module_alignment=&#8221;center&#8221; box_shadow_style=&#8221;preset2&#8243; global_colors_info=&#8221;{}&#8221;][\/et_pb_image][et_pb_text _builder_version=&#8221;4.20.2&#8243; _module_preset=&#8221;default&#8221; text_font_size=&#8221;13px&#8221; custom_margin=&#8221;26px||-1px|||&#8221; global_colors_info=&#8221;{}&#8221;]<\/p>\n<p style=\"text-align: center;\"><span>Original cast guide carriage<\/span><\/p>\n<p>[\/et_pb_text][et_pb_text _builder_version=&#8221;4.20.2&#8243; _module_preset=&#8221;default&#8221; text_font_size=&#8221;8px&#8221; global_colors_info=&#8221;{}&#8221;]<\/p>\n<p style=\"text-align: center;\"><span>Image source: Siegried Sch\u00e4fer<\/span><\/p>\n<p>[\/et_pb_text][\/et_pb_column][et_pb_column type=&#8221;3_5&#8243; _builder_version=&#8221;4.19.0&#8243; _module_preset=&#8221;default&#8221; global_colors_info=&#8221;{}&#8221;][et_pb_text _builder_version=&#8221;4.19.0&#8243; _module_preset=&#8221;default&#8221; global_colors_info=&#8221;{}&#8221;]<\/p>\n<p>The shares of the plow &#8211; usually there were five &#8211; were called goosefoot shares after their V-shape. These were held in place by molded coulter clamps. These clamps were not manufactured in-house, but were purchased from foundries in Kaiserslautern and Gevelsberg in Westphalia.  <\/p>\n<p>The guide carriage in the middle of the frame, which served to adjust the width of the plow, bore the inscription  <em>Jak. B\u00fccking Harxheim<\/em>  and <em>D.R.G.M<\/em> (Deutsches Reichsgebrauchsmuster).<\/p>\n<p>[\/et_pb_text][\/et_pb_column][\/et_pb_row][et_pb_row _builder_version=&#8221;4.19.0&#8243; _module_preset=&#8221;default&#8221; global_colors_info=&#8221;{}&#8221;][et_pb_column type=&#8221;4_4&#8243; _builder_version=&#8221;4.19.0&#8243; _module_preset=&#8221;default&#8221; global_colors_info=&#8221;{}&#8221;][et_pb_text _builder_version=&#8221;4.19.0&#8243; _module_preset=&#8221;default&#8221; global_colors_info=&#8221;{}&#8221;]<\/p>\n<p>The plow remained technically largely unchanged during the decades in which it was produced. However, the production process has been partially simplified. At least parts of the plow were patented.<\/p>\n<p>[\/et_pb_text][et_pb_text _builder_version=&#8221;4.19.0&#8243; _module_preset=&#8221;default&#8221; global_colors_info=&#8221;{}&#8221;]<\/p>\n<p>Initially, the plows had wooden handles. The installation of the handles was complicated and individual to the individual plug. First, the handle was briefly placed on the end piece, which was made red-hot, so that the wooden part fitted exactly to this, and immediately pulled off again. Then the iron end piece was heated again, the wooden handle was put on, a washer was put on and riveted. In later models, the wooden handles were replaced with metal versions.<\/p>\n<p>[\/et_pb_text][et_pb_text _builder_version=&#8221;4.19.0&#8243; _module_preset=&#8221;default&#8221; global_colors_info=&#8221;{}&#8221;]<\/p>\n<p>The company livery of B\u00fccking plows was generally silver. There were also plows as attachments bspw. for single-axle tractors of the company Holder and many others individually manufactured. In such cases, the equipment to be delivered was painted according to the color of these companies.<\/p>\n<p>[\/et_pb_text][\/et_pb_column][\/et_pb_row][et_pb_row column_structure=&#8221;1_2,1_2&#8243; _builder_version=&#8221;4.20.2&#8243; _module_preset=&#8221;default&#8221; custom_padding=&#8221;||0px||false|false&#8221; global_colors_info=&#8221;{}&#8221;][et_pb_column type=&#8221;1_2&#8243; _builder_version=&#8221;4.19.0&#8243; _module_preset=&#8221;default&#8221; global_colors_info=&#8221;{}&#8221;][et_pb_text _builder_version=&#8221;4.19.0&#8243; _module_preset=&#8221;default&#8221; global_colors_info=&#8221;{}&#8221;]<\/p>\n<p>The track width of the plow could be variably adjusted to a vineyard row. As a significant feature of the B\u00fccking plow, an additional movable share could be attached to the sides of each of the rear shares. These were used to remove weeds from under the vines. The movable knife-shaped share retracted by means of a spring pull when it met resistance such as a vine, so that the vine was not injured. The great advantage was that this allowed to remove weeds not only in the rows, but also between the vines.<\/p>\n<p>[\/et_pb_text][\/et_pb_column][et_pb_column type=&#8221;1_2&#8243; _builder_version=&#8221;4.19.0&#8243; _module_preset=&#8221;default&#8221; global_colors_info=&#8221;{}&#8221;][et_pb_image src=&#8221;http:\/\/doku-harxheim.de\/wp-content\/uploads\/2022\/11\/HGE-02-a-B5-Weinbau-in-Harxheim-Bucking.png&#8221; title_text=&#8221;HGE 02 a B5 Viticulture in Harxheim &#8211; B\u00fccking&#8221; show_in_lightbox=&#8221;on&#8221; _builder_version=&#8221;4.19.0&#8243; _module_preset=&#8221;default&#8221; box_shadow_style=&#8221;preset2&#8243; global_colors_info=&#8221;{}&#8221;][\/et_pb_image][et_pb_text _builder_version=&#8221;4.20.2&#8243; _module_preset=&#8221;default&#8221; text_font_size=&#8221;13px&#8221; custom_margin=&#8221;26px||-1px|||&#8221; global_colors_info=&#8221;{}&#8221;]<\/p>\n<p style=\"text-align: center;\">B\u00fccking advertisement, published in the commemorative publication for the 1200th anniversary of the town in 1967<\/p>\n<p>[\/et_pb_text][et_pb_text _builder_version=&#8221;4.20.2&#8243; _module_preset=&#8221;default&#8221; text_font_size=&#8221;8px&#8221; global_colors_info=&#8221;{}&#8221;]<\/p>\n<p style=\"text-align: center;\"><span>Image source: commemorative publication for the 1200th anniversary of the village, 1967<\/span><\/p>\n<p>[\/et_pb_text][\/et_pb_column][\/et_pb_row][et_pb_row _builder_version=&#8221;4.19.0&#8243; _module_preset=&#8221;default&#8221; global_colors_info=&#8221;{}&#8221;][et_pb_column type=&#8221;4_4&#8243; _builder_version=&#8221;4.19.0&#8243; _module_preset=&#8221;default&#8221; global_colors_info=&#8221;{}&#8221;][et_pb_text _builder_version=&#8221;4.19.0&#8243; _module_preset=&#8221;default&#8221; global_colors_info=&#8221;{}&#8221;]<\/p>\n<p>The plow was not a plow (deep plow) in the true sense. The coulters did not go more than about 4 cm below the ground. You should get the weeds from the root, that is, keep the soil in the vineyards free of weeds.<\/p>\n<p>[\/et_pb_text][et_pb_text _builder_version=&#8221;4.19.0&#8243; _module_preset=&#8221;default&#8221; global_colors_info=&#8221;{}&#8221;]<\/p>\n<p>The vineyards were not greened at that time. The negative effect was, among other things, that the soil was washed away when it rained and had to be brought back to the vineyards. It required a lot of experience from the winemaker, who led the plow behind the horse or a winch, to guide the team &#8211; without causing damage to vines and material &#8211; through the vineyards.<\/p>\n<p>[\/et_pb_text][\/et_pb_column][\/et_pb_row][et_pb_row column_structure=&#8221;1_3,1_3,1_3&#8243; _builder_version=&#8221;4.20.2&#8243; _module_preset=&#8221;default&#8221; custom_padding=&#8221;||0px||false|false&#8221; global_colors_info=&#8221;{}&#8221;][et_pb_column type=&#8221;1_3&#8243; _builder_version=&#8221;4.19.0&#8243; _module_preset=&#8221;default&#8221; global_colors_info=&#8221;{}&#8221;][et_pb_image src=&#8221;http:\/\/doku-harxheim.de\/wp-content\/uploads\/2022\/11\/HGE-02-a-B3-Weinbau-in-Harxheim-Bucking.jpg&#8221; title_text=&#8221;HGE 02 a B3 Viticulture in Harxheim &#8211; B\u00fccking&#8221; show_in_lightbox=&#8221;on&#8221; _builder_version=&#8221;4.19.0&#8243; _module_preset=&#8221;default&#8221; width=&#8221;94%&#8221; module_alignment=&#8221;center&#8221; box_shadow_style=&#8221;preset2&#8243; global_colors_info=&#8221;{}&#8221;][\/et_pb_image][et_pb_text _builder_version=&#8221;4.20.2&#8243; _module_preset=&#8221;default&#8221; text_font_size=&#8221;13px&#8221; custom_margin=&#8221;26px||-1px|||&#8221; global_colors_info=&#8221;{}&#8221;]<\/p>\n<p style=\"text-align: center;\">Jakob B\u00fccking <br \/>with his grandson Gerhard Buchert 1941<\/p>\n<p>[\/et_pb_text][et_pb_text _builder_version=&#8221;4.20.2&#8243; _module_preset=&#8221;default&#8221; text_font_size=&#8221;8px&#8221; global_colors_info=&#8221;{}&#8221;]<\/p>\n<p style=\"text-align: center;\"><span>Image source: Gerhard Buchert<\/span><\/p>\n<p>[\/et_pb_text][\/et_pb_column][et_pb_column type=&#8221;1_3&#8243; _builder_version=&#8221;4.19.0&#8243; _module_preset=&#8221;default&#8221; global_colors_info=&#8221;{}&#8221;][et_pb_text _builder_version=&#8221;4.19.0&#8243; _module_preset=&#8221;default&#8221; global_colors_info=&#8221;{}&#8221;]<\/p>\n<p>The operation was, of course, simply set up by today&#8217;s standards. For example, there were no showers for employees to clean up after their work was done. More than a wash bowl or a bucket and washing sand were not available. For basic cleaning in winter, the ice-cold wash water was then brought to a comfortable temperature with the help of a red-hot piece of iron thrown into the tub filled with water.<\/p>\n<p>[\/et_pb_text][\/et_pb_column][et_pb_column type=&#8221;1_3&#8243; _builder_version=&#8221;4.19.0&#8243; _module_preset=&#8221;default&#8221; global_colors_info=&#8221;{}&#8221;][et_pb_image src=&#8221;http:\/\/doku-harxheim.de\/wp-content\/uploads\/2022\/11\/HGE-02-a-B4-Weinbau-in-Harxheim-Bucking.jpg&#8221; title_text=&#8221;HGE 02 a B4 Viticulture in Harxheim &#8211; B\u00fccking&#8221; show_in_lightbox=&#8221;on&#8221; _builder_version=&#8221;4.19.0&#8243; _module_preset=&#8221;default&#8221; box_shadow_style=&#8221;preset2&#8243; global_colors_info=&#8221;{}&#8221;][\/et_pb_image][et_pb_text _builder_version=&#8221;4.20.2&#8243; _module_preset=&#8221;default&#8221; text_font_size=&#8221;13px&#8221; custom_margin=&#8221;26px||-1px|||&#8221; global_colors_info=&#8221;{}&#8221;]<\/p>\n<p style=\"text-align: center;\">Apprentices<br \/>in the B\u00fccking workshop 1956<\/p>\n<p>[\/et_pb_text][et_pb_text _builder_version=&#8221;4.20.2&#8243; _module_preset=&#8221;default&#8221; text_font_size=&#8221;8px&#8221; global_colors_info=&#8221;{}&#8221;]<\/p>\n<p style=\"text-align: center;\"><span>Image source: Gerhard Buchert<\/span><\/p>\n<p>[\/et_pb_text][\/et_pb_column][\/et_pb_row][et_pb_row _builder_version=&#8221;4.19.0&#8243; _module_preset=&#8221;default&#8221; global_colors_info=&#8221;{}&#8221;][et_pb_column type=&#8221;4_4&#8243; _builder_version=&#8221;4.19.0&#8243; _module_preset=&#8221;default&#8221; global_colors_info=&#8221;{}&#8221;][et_pb_text _builder_version=&#8221;4.19.0&#8243; _module_preset=&#8221;default&#8221; global_colors_info=&#8221;{}&#8221;]<\/p>\n<p>In 1970, Jakob B\u00fccking&#8217;s grandson Gerhard Buchert took over the workshop from his mother Irmgard. The production of vineyard plows was discontinued from that time due to lack of demand. Since then, the company has focused on metalworking and building locksmithery.<\/p>\n<p>[\/et_pb_text][\/et_pb_column][\/et_pb_row][\/et_pb_section][et_pb_section fb_built=&#8221;1&#8243; _builder_version=&#8221;4.22.0&#8243; _module_preset=&#8221;default&#8221; custom_padding=&#8221;1px||3px|||&#8221; global_colors_info=&#8221;{}&#8221;][et_pb_row _builder_version=&#8221;4.16&#8243; _module_preset=&#8221;default&#8221; global_colors_info=&#8221;{}&#8221;][et_pb_column type=&#8221;4_4&#8243; _builder_version=&#8221;4.16&#8243; _module_preset=&#8221;default&#8221; global_colors_info=&#8221;{}&#8221;][et_pb_text _builder_version=&#8221;4.16&#8243; _module_preset=&#8221;default&#8221; text_font_size=&#8221;11px&#8221; min_height=&#8221;10.8px&#8221; custom_margin=&#8221;||8px|||&#8221; global_colors_info=&#8221;{}&#8221;]<\/p>\n<p><strong>References:<\/strong><\/p>\n<p>[\/et_pb_text][et_pb_text _builder_version=&#8221;4.19.0&#8243; _module_preset=&#8221;default&#8221; text_font_size=&#8221;9px&#8221; global_colors_info=&#8221;{}&#8221;]<\/p>\n<p>Conversations with Gerhard and Rosemarie Buchert<\/p>\n<p>[\/et_pb_text][\/et_pb_column][\/et_pb_row][et_pb_row _builder_version=&#8221;4.20.2&#8243; _module_preset=&#8221;default&#8221; global_colors_info=&#8221;{}&#8221;][et_pb_column type=&#8221;4_4&#8243; _builder_version=&#8221;4.20.2&#8243; _module_preset=&#8221;default&#8221; global_colors_info=&#8221;{}&#8221;][et_pb_divider _builder_version=&#8221;4.20.2&#8243; _module_preset=&#8221;default&#8221; global_colors_info=&#8221;{}&#8221;][\/et_pb_divider][\/et_pb_column][\/et_pb_row][\/et_pb_section][et_pb_section fb_built=&#8221;1&#8243; admin_label=&#8221;Related Articles&#8221; _builder_version=&#8221;4.16&#8243; min_height=&#8221;357.3px&#8221; custom_margin=&#8221;||-65px|||&#8221; custom_padding=&#8221;0px|||||&#8221; global_colors_info=&#8221;{}&#8221;][et_pb_row _builder_version=&#8221;4.16&#8243; global_colors_info=&#8221;{}&#8221;][et_pb_column type=&#8221;4_4&#8243; _builder_version=&#8221;4.16&#8243; global_colors_info=&#8221;{}&#8221;][et_pb_text _builder_version=&#8221;4.20.2&#8243; header_2_font=&#8221;Montserrat|700|||||||&#8221; header_2_font_size=&#8221;70px&#8221; header_2_line_height=&#8221;1.2em&#8221; header_3_font=&#8221;|600|||||||&#8221; header_3_font_size=&#8221;25px&#8221; max_width=&#8221;750px&#8221; header_2_font_size_tablet=&#8221;48px&#8221; header_2_font_size_phone=&#8221;36px&#8221; header_2_font_size_last_edited=&#8221;on|desktop&#8221; locked=&#8221;off&#8221; global_colors_info=&#8221;{}&#8221;]<\/p>\n<h3>More contributions<\/h3>\n<p>[\/et_pb_text][et_pb_text admin_label=&#8221;Related post slider&#8221; _builder_version=&#8221;4.22.0&#8243; _module_preset=&#8221;default&#8221; global_colors_info=&#8221;{}&#8221;]<\/p>\n<div id=\"psacp-post-carousel-wrap-1\" class=\"psacp-wrap psacp-post-carousel-wrap owl-carousel psacp-design-1 psacp-has-arrows psacp-clearfix\" data-conf=\"{&quot;slide_show&quot;:3,&quot;loop&quot;:true,&quot;arrows&quot;:true,&quot;dots&quot;:true,&quot;autoplay&quot;:true,&quot;autoplay_interval&quot;:5000,&quot;speed&quot;:500,&quot;slide_scroll&quot;:1,&quot;rtl&quot;:false}\"><div class=\"psacp-post-slide psacp-post-4550 psacp-post-standard psacp-has-thumb\">\r\n\t<div class=\"psacp-post-carousel-content\">\r\n\t\t<div class=\"psacp-post-img-bg\" style=\"background-image:url(https:\/\/doku-harxheim.de\/wp-content\/uploads\/2022\/11\/CHr-ORT-28-thumb.jpg);\">\r\n\t\t\t<a class=\"psacp-post-linkoverlay\" href=\"https:\/\/doku-harxheim.de\/en\/das-kriegerdenkmal\"><\/a>\r\n\t\t\t<div class=\"psacp-post-overlay\">\r\n\t\t\t\t\t\t\t\t<h2 class=\"psacp-post-title\">\r\n\t\t\t\t\t<a href=\"https:\/\/doku-harxheim.de\/en\/das-kriegerdenkmal\">The war memorial &#8211; memorial column in memory of the Franco-Prussian War of 1870\/71<\/a>\r\n\t\t\t\t<\/h2>\r\n\r\n\t\t\t\t\t\t\t\t<div class=\"psacp-post-meta psacp-post-meta-up\">\r\n\t\t\t\t\t<span class=\"psacp-post-meta-data psacp-post-author\"><i class=\"psacp-fa fa-solid fa-user\"><\/i>Siegfried Schaefer<\/span>\t\t\t\t<\/div>\r\n\t\t\t\t\t\t\t<\/div>\r\n\t\t<\/div>\r\n\r\n\t\t\t<\/div>\r\n<\/div><div class=\"psacp-post-slide psacp-post-5778 psacp-post-standard psacp-has-thumb\">\r\n\t<div class=\"psacp-post-carousel-content\">\r\n\t\t<div class=\"psacp-post-img-bg\" style=\"background-image:url(https:\/\/doku-harxheim.de\/wp-content\/uploads\/2023\/03\/POI-20-und-21-B6-Lambinet-scaled.jpg);\">\r\n\t\t\t<a class=\"psacp-post-linkoverlay\" href=\"https:\/\/doku-harxheim.de\/en\/familie-lambinet-in-harxheim\"><\/a>\r\n\t\t\t<div class=\"psacp-post-overlay\">\r\n\t\t\t\t\t\t\t\t<h2 class=\"psacp-post-title\">\r\n\t\t\t\t\t<a href=\"https:\/\/doku-harxheim.de\/en\/familie-lambinet-in-harxheim\">Lambinet family in Harxheim<\/a>\r\n\t\t\t\t<\/h2>\r\n\r\n\t\t\t\t\t\t\t\t<div class=\"psacp-post-meta psacp-post-meta-up\">\r\n\t\t\t\t\t<span class=\"psacp-post-meta-data psacp-post-author\"><i class=\"psacp-fa fa-solid fa-user\"><\/i>Birgit Korte<\/span>\t\t\t\t<\/div>\r\n\t\t\t\t\t\t\t<\/div>\r\n\t\t<\/div>\r\n\r\n\t\t\t<\/div>\r\n<\/div><div class=\"psacp-post-slide psacp-post-5758 psacp-post-standard psacp-has-thumb\">\r\n\t<div class=\"psacp-post-carousel-content\">\r\n\t\t<div class=\"psacp-post-img-bg\" style=\"background-image:url(https:\/\/doku-harxheim.de\/wp-content\/uploads\/2023\/03\/POI-19-thumb.jpg);\">\r\n\t\t\t<a class=\"psacp-post-linkoverlay\" href=\"https:\/\/doku-harxheim.de\/en\/baeckerei-darmstadt\"><\/a>\r\n\t\t\t<div class=\"psacp-post-overlay\">\r\n\t\t\t\t\t\t\t\t<h2 class=\"psacp-post-title\">\r\n\t\t\t\t\t<a href=\"https:\/\/doku-harxheim.de\/en\/baeckerei-darmstadt\">Bakery Darmstadt<\/a>\r\n\t\t\t\t<\/h2>\r\n\r\n\t\t\t\t\t\t\t\t<div class=\"psacp-post-meta psacp-post-meta-up\">\r\n\t\t\t\t\t<span class=\"psacp-post-meta-data psacp-post-author\"><i class=\"psacp-fa fa-solid fa-user\"><\/i>Birgit Korte<\/span>\t\t\t\t<\/div>\r\n\t\t\t\t\t\t\t<\/div>\r\n\t\t<\/div>\r\n\r\n\t\t\t<\/div>\r\n<\/div><div class=\"psacp-post-slide psacp-post-5701 psacp-post-standard psacp-has-thumb\">\r\n\t<div class=\"psacp-post-carousel-content\">\r\n\t\t<div class=\"psacp-post-img-bg\" style=\"background-image:url(https:\/\/doku-harxheim.de\/wp-content\/uploads\/2022\/12\/POI-16-thumb.jpg);\">\r\n\t\t\t<a class=\"psacp-post-linkoverlay\" href=\"https:\/\/doku-harxheim.de\/en\/forstbaumscher-hof\"><\/a>\r\n\t\t\t<div class=\"psacp-post-overlay\">\r\n\t\t\t\t\t\t\t\t<h2 class=\"psacp-post-title\">\r\n\t\t\t\t\t<a href=\"https:\/\/doku-harxheim.de\/en\/forstbaumscher-hof\">Forstbaumscher Hof<\/a>\r\n\t\t\t\t<\/h2>\r\n\r\n\t\t\t\t\t\t\t\t<div class=\"psacp-post-meta psacp-post-meta-up\">\r\n\t\t\t\t\t<span class=\"psacp-post-meta-data psacp-post-author\"><i class=\"psacp-fa fa-solid fa-user\"><\/i>Birgit Korte<\/span>\t\t\t\t<\/div>\r\n\t\t\t\t\t\t\t<\/div>\r\n\t\t<\/div>\r\n\r\n\t\t\t<\/div>\r\n<\/div><div class=\"psacp-post-slide psacp-post-2935 psacp-post-standard psacp-has-thumb\">\r\n\t<div class=\"psacp-post-carousel-content\">\r\n\t\t<div class=\"psacp-post-img-bg\" style=\"background-image:url(https:\/\/doku-harxheim.de\/wp-content\/uploads\/2022\/12\/POI-15-thumb.jpg);\">\r\n\t\t\t<a class=\"psacp-post-linkoverlay\" href=\"https:\/\/doku-harxheim.de\/en\/weingut-schick\"><\/a>\r\n\t\t\t<div class=\"psacp-post-overlay\">\r\n\t\t\t\t\t\t\t\t<h2 class=\"psacp-post-title\">\r\n\t\t\t\t\t<a href=\"https:\/\/doku-harxheim.de\/en\/weingut-schick\">Schick\u00b4sches Weingut<\/a>\r\n\t\t\t\t<\/h2>\r\n\r\n\t\t\t\t\t\t\t\t<div class=\"psacp-post-meta psacp-post-meta-up\">\r\n\t\t\t\t\t<span class=\"psacp-post-meta-data psacp-post-author\"><i class=\"psacp-fa fa-solid fa-user\"><\/i>Birgit Korte<\/span>\t\t\t\t<\/div>\r\n\t\t\t\t\t\t\t<\/div>\r\n\t\t<\/div>\r\n\r\n\t\t\t<\/div>\r\n<\/div><div class=\"psacp-post-slide psacp-post-5615 psacp-post-standard psacp-has-thumb\">\r\n\t<div class=\"psacp-post-carousel-content\">\r\n\t\t<div class=\"psacp-post-img-bg\" style=\"background-image:url(https:\/\/doku-harxheim.de\/wp-content\/uploads\/2022\/12\/POI-14-B4.bmp);\">\r\n\t\t\t<a class=\"psacp-post-linkoverlay\" href=\"https:\/\/doku-harxheim.de\/en\/weingut-albert-happel\"><\/a>\r\n\t\t\t<div class=\"psacp-post-overlay\">\r\n\t\t\t\t\t\t\t\t<h2 class=\"psacp-post-title\">\r\n\t\t\t\t\t<a href=\"https:\/\/doku-harxheim.de\/en\/weingut-albert-happel\">Happel Estate and Wine Farm<\/a>\r\n\t\t\t\t<\/h2>\r\n\r\n\t\t\t\t\t\t\t\t<div class=\"psacp-post-meta psacp-post-meta-up\">\r\n\t\t\t\t\t<span class=\"psacp-post-meta-data psacp-post-author\"><i class=\"psacp-fa fa-solid fa-user\"><\/i>Birgit Korte<\/span>\t\t\t\t<\/div>\r\n\t\t\t\t\t\t\t<\/div>\r\n\t\t<\/div>\r\n\r\n\t\t\t<\/div>\r\n<\/div><div class=\"psacp-post-slide psacp-post-2998 psacp-post-standard psacp-has-thumb\">\r\n\t<div class=\"psacp-post-carousel-content\">\r\n\t\t<div class=\"psacp-post-img-bg\" style=\"background-image:url(https:\/\/doku-harxheim.de\/wp-content\/uploads\/2022\/12\/POI-13-B1-scaled.jpg);\">\r\n\t\t\t<a class=\"psacp-post-linkoverlay\" href=\"https:\/\/doku-harxheim.de\/en\/der-rohrbrunnen\"><\/a>\r\n\t\t\t<div class=\"psacp-post-overlay\">\r\n\t\t\t\t\t\t\t\t<h2 class=\"psacp-post-title\">\r\n\t\t\t\t\t<a href=\"https:\/\/doku-harxheim.de\/en\/der-rohrbrunnen\">The tube well<\/a>\r\n\t\t\t\t<\/h2>\r\n\r\n\t\t\t\t\t\t\t\t<div class=\"psacp-post-meta psacp-post-meta-up\">\r\n\t\t\t\t\t<span class=\"psacp-post-meta-data psacp-post-author\"><i class=\"psacp-fa fa-solid fa-user\"><\/i>Birgit Korte<\/span>\t\t\t\t<\/div>\r\n\t\t\t\t\t\t\t<\/div>\r\n\t\t<\/div>\r\n\r\n\t\t\t<\/div>\r\n<\/div><div class=\"psacp-post-slide psacp-post-3182 psacp-post-standard psacp-has-thumb\">\r\n\t<div class=\"psacp-post-carousel-content\">\r\n\t\t<div class=\"psacp-post-img-bg\" style=\"background-image:url(https:\/\/doku-harxheim.de\/wp-content\/uploads\/2022\/12\/POI-12-thumb.jpg);\">\r\n\t\t\t<a class=\"psacp-post-linkoverlay\" href=\"https:\/\/doku-harxheim.de\/en\/altes-rathaus\"><\/a>\r\n\t\t\t<div class=\"psacp-post-overlay\">\r\n\t\t\t\t\t\t\t\t<h2 class=\"psacp-post-title\">\r\n\t\t\t\t\t<a href=\"https:\/\/doku-harxheim.de\/en\/altes-rathaus\">Old town hall<\/a>\r\n\t\t\t\t<\/h2>\r\n\r\n\t\t\t\t\t\t\t\t<div class=\"psacp-post-meta psacp-post-meta-up\">\r\n\t\t\t\t\t<span class=\"psacp-post-meta-data psacp-post-author\"><i class=\"psacp-fa fa-solid fa-user\"><\/i>Birgit Korte<\/span>\t\t\t\t<\/div>\r\n\t\t\t\t\t\t\t<\/div>\r\n\t\t<\/div>\r\n\r\n\t\t\t<\/div>\r\n<\/div><div class=\"psacp-post-slide psacp-post-5525 psacp-post-standard psacp-has-thumb\">\r\n\t<div class=\"psacp-post-carousel-content\">\r\n\t\t<div class=\"psacp-post-img-bg\" style=\"background-image:url(https:\/\/doku-harxheim.de\/wp-content\/uploads\/2022\/12\/POI-11-thumb.jpg);\">\r\n\t\t\t<a class=\"psacp-post-linkoverlay\" href=\"https:\/\/doku-harxheim.de\/en\/mainzer-strasse-1\"><\/a>\r\n\t\t\t<div class=\"psacp-post-overlay\">\r\n\t\t\t\t\t\t\t\t<h2 class=\"psacp-post-title\">\r\n\t\t\t\t\t<a href=\"https:\/\/doku-harxheim.de\/en\/mainzer-strasse-1\">Former estate and wine farm R\u00f6sch<\/a>\r\n\t\t\t\t<\/h2>\r\n\r\n\t\t\t\t\t\t\t\t<div class=\"psacp-post-meta psacp-post-meta-up\">\r\n\t\t\t\t\t<span class=\"psacp-post-meta-data psacp-post-author\"><i class=\"psacp-fa fa-solid fa-user\"><\/i>Birgit Korte<\/span>\t\t\t\t<\/div>\r\n\t\t\t\t\t\t\t<\/div>\r\n\t\t<\/div>\r\n\r\n\t\t\t<\/div>\r\n<\/div><div class=\"psacp-post-slide psacp-post-3179 psacp-post-standard psacp-has-thumb\">\r\n\t<div class=\"psacp-post-carousel-content\">\r\n\t\t<div class=\"psacp-post-img-bg\" style=\"background-image:url(https:\/\/doku-harxheim.de\/wp-content\/uploads\/2022\/12\/POI-10-thumb.jpg);\">\r\n\t\t\t<a class=\"psacp-post-linkoverlay\" href=\"https:\/\/doku-harxheim.de\/en\/die-gaustrasse\"><\/a>\r\n\t\t\t<div class=\"psacp-post-overlay\">\r\n\t\t\t\t\t\t\t\t<h2 class=\"psacp-post-title\">\r\n\t\t\t\t\t<a href=\"https:\/\/doku-harxheim.de\/en\/die-gaustrasse\">The Gaustra\u00dfe<\/a>\r\n\t\t\t\t<\/h2>\r\n\r\n\t\t\t\t\t\t\t\t<div class=\"psacp-post-meta psacp-post-meta-up\">\r\n\t\t\t\t\t<span class=\"psacp-post-meta-data psacp-post-author\"><i class=\"psacp-fa fa-solid fa-user\"><\/i>Birgit Korte<\/span>\t\t\t\t<\/div>\r\n\t\t\t\t\t\t\t<\/div>\r\n\t\t<\/div>\r\n\r\n\t\t\t<\/div>\r\n<\/div><div class=\"psacp-post-slide psacp-post-5473 psacp-post-standard psacp-has-thumb\">\r\n\t<div class=\"psacp-post-carousel-content\">\r\n\t\t<div class=\"psacp-post-img-bg\" style=\"background-image:url(https:\/\/doku-harxheim.de\/wp-content\/uploads\/2022\/12\/POI-09-thumb.jpg);\">\r\n\t\t\t<a class=\"psacp-post-linkoverlay\" href=\"https:\/\/doku-harxheim.de\/en\/backerei-bohm\"><\/a>\r\n\t\t\t<div class=\"psacp-post-overlay\">\r\n\t\t\t\t\t\t\t\t<h2 class=\"psacp-post-title\">\r\n\t\t\t\t\t<a href=\"https:\/\/doku-harxheim.de\/en\/backerei-bohm\">Bakery B\u00f6hm<\/a>\r\n\t\t\t\t<\/h2>\r\n\r\n\t\t\t\t\t\t\t\t<div class=\"psacp-post-meta psacp-post-meta-up\">\r\n\t\t\t\t\t<span class=\"psacp-post-meta-data psacp-post-author\"><i class=\"psacp-fa fa-solid fa-user\"><\/i>Birgit Korte<\/span>\t\t\t\t<\/div>\r\n\t\t\t\t\t\t\t<\/div>\r\n\t\t<\/div>\r\n\r\n\t\t\t<\/div>\r\n<\/div><div class=\"psacp-post-slide psacp-post-5442 psacp-post-standard psacp-has-thumb\">\r\n\t<div class=\"psacp-post-carousel-content\">\r\n\t\t<div class=\"psacp-post-img-bg\" style=\"background-image:url(https:\/\/doku-harxheim.de\/wp-content\/uploads\/2022\/12\/POI-08-thumb.jpg);\">\r\n\t\t\t<a class=\"psacp-post-linkoverlay\" href=\"https:\/\/doku-harxheim.de\/en\/messigny-et-vantoux-platz\"><\/a>\r\n\t\t\t<div class=\"psacp-post-overlay\">\r\n\t\t\t\t\t\t\t\t<h2 class=\"psacp-post-title\">\r\n\t\t\t\t\t<a href=\"https:\/\/doku-harxheim.de\/en\/messigny-et-vantoux-platz\">Messigny-et-Vantoux Square<\/a>\r\n\t\t\t\t<\/h2>\r\n\r\n\t\t\t\t\t\t\t\t<div class=\"psacp-post-meta psacp-post-meta-up\">\r\n\t\t\t\t\t<span class=\"psacp-post-meta-data psacp-post-author\"><i class=\"psacp-fa fa-solid fa-user\"><\/i>Birgit Korte<\/span>\t\t\t\t<\/div>\r\n\t\t\t\t\t\t\t<\/div>\r\n\t\t<\/div>\r\n\r\n\t\t\t<\/div>\r\n<\/div><div class=\"psacp-post-slide psacp-post-5733 psacp-post-standard psacp-has-thumb\">\r\n\t<div class=\"psacp-post-carousel-content\">\r\n\t\t<div class=\"psacp-post-img-bg\" style=\"background-image:url(https:\/\/doku-harxheim.de\/wp-content\/uploads\/2022\/12\/CHR-ECO-03-thumb.jpg);\">\r\n\t\t\t<a class=\"psacp-post-linkoverlay\" href=\"https:\/\/doku-harxheim.de\/en\/ehemaliges-weingut-lotz\"><\/a>\r\n\t\t\t<div class=\"psacp-post-overlay\">\r\n\t\t\t\t\t\t\t\t<h2 class=\"psacp-post-title\">\r\n\t\t\t\t\t<a href=\"https:\/\/doku-harxheim.de\/en\/ehemaliges-weingut-lotz\">Historic Lotz Winery<\/a>\r\n\t\t\t\t<\/h2>\r\n\r\n\t\t\t\t\t\t\t\t<div class=\"psacp-post-meta psacp-post-meta-up\">\r\n\t\t\t\t\t<span class=\"psacp-post-meta-data psacp-post-author\"><i class=\"psacp-fa fa-solid fa-user\"><\/i>HVV Harxheim<\/span>\t\t\t\t<\/div>\r\n\t\t\t\t\t\t\t<\/div>\r\n\t\t<\/div>\r\n\r\n\t\t\t<\/div>\r\n<\/div><div class=\"psacp-post-slide psacp-post-5374 psacp-post-standard psacp-has-thumb\">\r\n\t<div class=\"psacp-post-carousel-content\">\r\n\t\t<div class=\"psacp-post-img-bg\" style=\"background-image:url(https:\/\/doku-harxheim.de\/wp-content\/uploads\/2022\/12\/POI-06-thumb.jpg);\">\r\n\t\t\t<a class=\"psacp-post-linkoverlay\" href=\"https:\/\/doku-harxheim.de\/en\/der-eckstein\"><\/a>\r\n\t\t\t<div class=\"psacp-post-overlay\">\r\n\t\t\t\t\t\t\t\t<h2 class=\"psacp-post-title\">\r\n\t\t\t\t\t<a href=\"https:\/\/doku-harxheim.de\/en\/der-eckstein\">The cornerstone<\/a>\r\n\t\t\t\t<\/h2>\r\n\r\n\t\t\t\t\t\t\t\t<div class=\"psacp-post-meta psacp-post-meta-up\">\r\n\t\t\t\t\t<span class=\"psacp-post-meta-data psacp-post-author\"><i class=\"psacp-fa fa-solid fa-user\"><\/i>Birgit Korte<\/span>\t\t\t\t<\/div>\r\n\t\t\t\t\t\t\t<\/div>\r\n\t\t<\/div>\r\n\r\n\t\t\t<\/div>\r\n<\/div><div class=\"psacp-post-slide psacp-post-5347 psacp-post-standard psacp-has-thumb\">\r\n\t<div class=\"psacp-post-carousel-content\">\r\n\t\t<div class=\"psacp-post-img-bg\" style=\"background-image:url(https:\/\/doku-harxheim.de\/wp-content\/uploads\/2022\/12\/POI-05-thumb.jpg);\">\r\n\t\t\t<a class=\"psacp-post-linkoverlay\" href=\"https:\/\/doku-harxheim.de\/en\/haus-krone\"><\/a>\r\n\t\t\t<div class=\"psacp-post-overlay\">\r\n\t\t\t\t\t\t\t\t<h2 class=\"psacp-post-title\">\r\n\t\t\t\t\t<a href=\"https:\/\/doku-harxheim.de\/en\/haus-krone\">House Krone<\/a>\r\n\t\t\t\t<\/h2>\r\n\r\n\t\t\t\t\t\t\t\t<div class=\"psacp-post-meta psacp-post-meta-up\">\r\n\t\t\t\t\t<span class=\"psacp-post-meta-data psacp-post-author\"><i class=\"psacp-fa fa-solid fa-user\"><\/i>Birgit Korte<\/span>\t\t\t\t<\/div>\r\n\t\t\t\t\t\t\t<\/div>\r\n\t\t<\/div>\r\n\r\n\t\t\t<\/div>\r\n<\/div><div class=\"psacp-post-slide psacp-post-4078 psacp-post-standard psacp-has-thumb\">\r\n\t<div class=\"psacp-post-carousel-content\">\r\n\t\t<div class=\"psacp-post-img-bg\" style=\"background-image:url(https:\/\/doku-harxheim.de\/wp-content\/uploads\/2022\/12\/POI-04-thumb.jpg);\">\r\n\t\t\t<a class=\"psacp-post-linkoverlay\" href=\"https:\/\/doku-harxheim.de\/en\/katholische-kirche\"><\/a>\r\n\t\t\t<div class=\"psacp-post-overlay\">\r\n\t\t\t\t\t\t\t\t<h2 class=\"psacp-post-title\">\r\n\t\t\t\t\t<a href=\"https:\/\/doku-harxheim.de\/en\/katholische-kirche\">The Catholic Church in Harxheim<\/a>\r\n\t\t\t\t<\/h2>\r\n\r\n\t\t\t\t\t\t\t\t<div class=\"psacp-post-meta psacp-post-meta-up\">\r\n\t\t\t\t\t<span class=\"psacp-post-meta-data psacp-post-author\"><i class=\"psacp-fa fa-solid fa-user\"><\/i>Birgit Korte<\/span>\t\t\t\t<\/div>\r\n\t\t\t\t\t\t\t<\/div>\r\n\t\t<\/div>\r\n\r\n\t\t\t<\/div>\r\n<\/div><div class=\"psacp-post-slide psacp-post-4697 psacp-post-standard psacp-has-thumb\">\r\n\t<div class=\"psacp-post-carousel-content\">\r\n\t\t<div class=\"psacp-post-img-bg\" style=\"background-image:url(https:\/\/doku-harxheim.de\/wp-content\/uploads\/2022\/12\/POI-03-b-thumb-Fenster.jpg);\">\r\n\t\t\t<a class=\"psacp-post-linkoverlay\" href=\"https:\/\/doku-harxheim.de\/en\/buntglasfenster-der-evangelischen-kirche\"><\/a>\r\n\t\t\t<div class=\"psacp-post-overlay\">\r\n\t\t\t\t\t\t\t\t<h2 class=\"psacp-post-title\">\r\n\t\t\t\t\t<a href=\"https:\/\/doku-harxheim.de\/en\/buntglasfenster-der-evangelischen-kirche\">The stained glass windows of the Protestant church<\/a>\r\n\t\t\t\t<\/h2>\r\n\r\n\t\t\t\t\t\t\t\t<div class=\"psacp-post-meta psacp-post-meta-up\">\r\n\t\t\t\t\t<span class=\"psacp-post-meta-data psacp-post-author\"><i class=\"psacp-fa fa-solid fa-user\"><\/i>Birgit Korte<\/span>\t\t\t\t<\/div>\r\n\t\t\t\t\t\t\t<\/div>\r\n\t\t<\/div>\r\n\r\n\t\t\t<\/div>\r\n<\/div><div class=\"psacp-post-slide psacp-post-4670 psacp-post-standard psacp-has-thumb\">\r\n\t<div class=\"psacp-post-carousel-content\">\r\n\t\t<div class=\"psacp-post-img-bg\" style=\"background-image:url(https:\/\/doku-harxheim.de\/wp-content\/uploads\/2022\/12\/POI-03-a-thumb.jpg);\">\r\n\t\t\t<a class=\"psacp-post-linkoverlay\" href=\"https:\/\/doku-harxheim.de\/en\/glocken-der-evangelischen-kirche\"><\/a>\r\n\t\t\t<div class=\"psacp-post-overlay\">\r\n\t\t\t\t\t\t\t\t<h2 class=\"psacp-post-title\">\r\n\t\t\t\t\t<a href=\"https:\/\/doku-harxheim.de\/en\/glocken-der-evangelischen-kirche\">The bells of the evangelical church<\/a>\r\n\t\t\t\t<\/h2>\r\n\r\n\t\t\t\t\t\t\t\t<div class=\"psacp-post-meta psacp-post-meta-up\">\r\n\t\t\t\t\t<span class=\"psacp-post-meta-data psacp-post-author\"><i class=\"psacp-fa fa-solid fa-user\"><\/i>Birgit Korte<\/span>\t\t\t\t<\/div>\r\n\t\t\t\t\t\t\t<\/div>\r\n\t\t<\/div>\r\n\r\n\t\t\t<\/div>\r\n<\/div><div class=\"psacp-post-slide psacp-post-4643 psacp-post-standard psacp-has-thumb\">\r\n\t<div class=\"psacp-post-carousel-content\">\r\n\t\t<div class=\"psacp-post-img-bg\" style=\"background-image:url(https:\/\/doku-harxheim.de\/wp-content\/uploads\/2022\/12\/POI-03-thumb-ev-Kirche.jpg);\">\r\n\t\t\t<a class=\"psacp-post-linkoverlay\" href=\"https:\/\/doku-harxheim.de\/en\/evangelische-kirche\"><\/a>\r\n\t\t\t<div class=\"psacp-post-overlay\">\r\n\t\t\t\t\t\t\t\t<h2 class=\"psacp-post-title\">\r\n\t\t\t\t\t<a href=\"https:\/\/doku-harxheim.de\/en\/evangelische-kirche\">The Protestant Church in Harxheim<\/a>\r\n\t\t\t\t<\/h2>\r\n\r\n\t\t\t\t\t\t\t\t<div class=\"psacp-post-meta psacp-post-meta-up\">\r\n\t\t\t\t\t<span class=\"psacp-post-meta-data psacp-post-author\"><i class=\"psacp-fa fa-solid fa-user\"><\/i>Birgit Korte<\/span>\t\t\t\t<\/div>\r\n\t\t\t\t\t\t\t<\/div>\r\n\t\t<\/div>\r\n\r\n\t\t\t<\/div>\r\n<\/div><div class=\"psacp-post-slide psacp-post-5413 psacp-post-standard psacp-has-thumb\">\r\n\t<div class=\"psacp-post-carousel-content\">\r\n\t\t<div class=\"psacp-post-img-bg\" style=\"background-image:url(https:\/\/doku-harxheim.de\/wp-content\/uploads\/2022\/12\/POI-07-thumb.jpg);\">\r\n\t\t\t<a class=\"psacp-post-linkoverlay\" href=\"https:\/\/doku-harxheim.de\/en\/fruherer-evangelischer-pfarrhof\"><\/a>\r\n\t\t\t<div class=\"psacp-post-overlay\">\r\n\t\t\t\t\t\t\t\t<h2 class=\"psacp-post-title\">\r\n\t\t\t\t\t<a href=\"https:\/\/doku-harxheim.de\/en\/fruherer-evangelischer-pfarrhof\">Former evangelical vicarage<\/a>\r\n\t\t\t\t<\/h2>\r\n\r\n\t\t\t\t\t\t\t\t<div class=\"psacp-post-meta psacp-post-meta-up\">\r\n\t\t\t\t\t<span class=\"psacp-post-meta-data psacp-post-author\"><i class=\"psacp-fa fa-solid fa-user\"><\/i>Birgit Korte<\/span>\t\t\t\t<\/div>\r\n\t\t\t\t\t\t\t<\/div>\r\n\t\t<\/div>\r\n\r\n\t\t\t<\/div>\r\n<\/div><\/div>\n<p>[\/et_pb_text][\/et_pb_column][\/et_pb_row][\/et_pb_section][et_pb_section fb_built=&#8221;1&#8243; admin_label=&#8221;Related Articles&#8221; _builder_version=&#8221;4.16&#8243; min_height=&#8221;357.3px&#8221; custom_margin=&#8221;||-65px|||&#8221; custom_padding=&#8221;0px|||||&#8221; global_colors_info=&#8221;{}&#8221; theme_builder_area=&#8221;post_content&#8221;][et_pb_row _builder_version=&#8221;4.16&#8243; global_colors_info=&#8221;{}&#8221; theme_builder_area=&#8221;post_content&#8221;][et_pb_column type=&#8221;4_4&#8243; _builder_version=&#8221;4.16&#8243; global_colors_info=&#8221;{}&#8221; theme_builder_area=&#8221;post_content&#8221;][et_pb_text _builder_version=&#8221;4.22.0&#8243; header_2_font=&#8221;Montserrat|700|||||||&#8221; header_2_font_size=&#8221;70px&#8221; header_2_line_height=&#8221;1.2em&#8221; header_3_font=&#8221;|600|||||||&#8221; header_3_font_size=&#8221;25px&#8221; max_width=&#8221;750px&#8221; hover_enabled=&#8221;0&#8243; header_2_font_size_tablet=&#8221;48px&#8221; header_2_font_size_phone=&#8221;36px&#8221; header_2_font_size_last_edited=&#8221;on|desktop&#8221; locked=&#8221;off&#8221; global_colors_info=&#8221;{}&#8221; theme_builder_area=&#8221;post_content&#8221; sticky_enabled=&#8221;0&#8243;]<\/p>\n<h3>Other contributions to local history<\/h3>\n<p>[\/et_pb_text][et_pb_text admin_label=&#8221;Related post slider&#8221; _builder_version=&#8221;4.22.0&#8243; _module_preset=&#8221;default&#8221; hover_enabled=&#8221;0&#8243; global_colors_info=&#8221;{}&#8221; theme_builder_area=&#8221;post_content&#8221; sticky_enabled=&#8221;0&#8243;]<\/p>\n<div id=\"psacp-post-carousel-wrap-2\" class=\"psacp-wrap psacp-post-carousel-wrap owl-carousel psacp-design-1 psacp-has-arrows psacp-clearfix\" data-conf=\"{&quot;slide_show&quot;:3,&quot;loop&quot;:true,&quot;arrows&quot;:true,&quot;dots&quot;:true,&quot;autoplay&quot;:true,&quot;autoplay_interval&quot;:5000,&quot;speed&quot;:500,&quot;slide_scroll&quot;:1,&quot;rtl&quot;:false}\"><div class=\"psacp-post-slide psacp-post-8272 psacp-post-standard psacp-has-thumb\">\r\n\t<div class=\"psacp-post-carousel-content\">\r\n\t\t<div class=\"psacp-post-img-bg\" style=\"background-image:url(https:\/\/doku-harxheim.de\/wp-content\/uploads\/2023\/05\/CHR-ORT-02-thumb.jpg);\">\r\n\t\t\t<a class=\"psacp-post-linkoverlay\" href=\"https:\/\/doku-harxheim.de\/en\/stroll-through-the-history-of-harxheim\"><\/a>\r\n\t\t\t<div class=\"psacp-post-overlay\">\r\n\t\t\t\t\t\t\t\t<h2 class=\"psacp-post-title\">\r\n\t\t\t\t\t<a href=\"https:\/\/doku-harxheim.de\/en\/stroll-through-the-history-of-harxheim\">Stroll through the history of Harxheim<\/a>\r\n\t\t\t\t<\/h2>\r\n\r\n\t\t\t\t\t\t\t\t<div class=\"psacp-post-meta psacp-post-meta-up\">\r\n\t\t\t\t\t<span class=\"psacp-post-meta-data psacp-post-author\"><i class=\"psacp-fa fa-solid fa-user\"><\/i>Dorothea Kerzan<\/span>\t\t\t\t<\/div>\r\n\t\t\t\t\t\t\t<\/div>\r\n\t\t<\/div>\r\n\r\n\t\t\t<\/div>\r\n<\/div><div class=\"psacp-post-slide psacp-post-2760 psacp-post-standard psacp-has-thumb\">\r\n\t<div class=\"psacp-post-carousel-content\">\r\n\t\t<div class=\"psacp-post-img-bg\" style=\"background-image:url(https:\/\/doku-harxheim.de\/wp-content\/uploads\/2022\/11\/CHR-ORt-16a-thumb.jpg);\">\r\n\t\t\t<a class=\"psacp-post-linkoverlay\" href=\"https:\/\/doku-harxheim.de\/en\/rheinhessens-history-before-1816\"><\/a>\r\n\t\t\t<div class=\"psacp-post-overlay\">\r\n\t\t\t\t\t\t\t\t<h2 class=\"psacp-post-title\">\r\n\t\t\t\t\t<a href=\"https:\/\/doku-harxheim.de\/en\/rheinhessens-history-before-1816\">Rheinhessen&#8217;s history before 1816<\/a>\r\n\t\t\t\t<\/h2>\r\n\r\n\t\t\t\t\t\t\t\t<div class=\"psacp-post-meta psacp-post-meta-up\">\r\n\t\t\t\t\t<span class=\"psacp-post-meta-data psacp-post-author\"><i class=\"psacp-fa fa-solid fa-user\"><\/i>Birgit Korte<\/span>\t\t\t\t<\/div>\r\n\t\t\t\t\t\t\t<\/div>\r\n\t\t<\/div>\r\n\r\n\t\t\t<\/div>\r\n<\/div><div class=\"psacp-post-slide psacp-post-2710 psacp-post-standard psacp-has-thumb\">\r\n\t<div class=\"psacp-post-carousel-content\">\r\n\t\t<div class=\"psacp-post-img-bg\" style=\"background-image:url(https:\/\/doku-harxheim.de\/wp-content\/uploads\/2022\/11\/CHR-ORt-16-thumb.jpg);\">\r\n\t\t\t<a class=\"psacp-post-linkoverlay\" href=\"https:\/\/doku-harxheim.de\/en\/rhinehessen\"><\/a>\r\n\t\t\t<div class=\"psacp-post-overlay\">\r\n\t\t\t\t\t\t\t\t<h2 class=\"psacp-post-title\">\r\n\t\t\t\t\t<a href=\"https:\/\/doku-harxheim.de\/en\/rhinehessen\">Rhinehessen<\/a>\r\n\t\t\t\t<\/h2>\r\n\r\n\t\t\t\t\t\t\t\t<div class=\"psacp-post-meta psacp-post-meta-up\">\r\n\t\t\t\t\t<span class=\"psacp-post-meta-data psacp-post-author\"><i class=\"psacp-fa fa-solid fa-user\"><\/i>Birgit Korte<\/span>\t\t\t\t<\/div>\r\n\t\t\t\t\t\t\t<\/div>\r\n\t\t<\/div>\r\n\r\n\t\t\t<\/div>\r\n<\/div><div class=\"psacp-post-slide psacp-post-2642 psacp-post-standard psacp-has-thumb\">\r\n\t<div class=\"psacp-post-carousel-content\">\r\n\t\t<div class=\"psacp-post-img-bg\" style=\"background-image:url(https:\/\/doku-harxheim.de\/wp-content\/uploads\/2022\/08\/CHR-Ort-01-Thumb.jpg);\">\r\n\t\t\t<a class=\"psacp-post-linkoverlay\" href=\"https:\/\/doku-harxheim.de\/en\/the-harxheim-coat-of-arms\"><\/a>\r\n\t\t\t<div class=\"psacp-post-overlay\">\r\n\t\t\t\t\t\t\t\t<h2 class=\"psacp-post-title\">\r\n\t\t\t\t\t<a href=\"https:\/\/doku-harxheim.de\/en\/the-harxheim-coat-of-arms\">The Harxheim coat of arms<\/a>\r\n\t\t\t\t<\/h2>\r\n\r\n\t\t\t\t\t\t\t\t<div class=\"psacp-post-meta psacp-post-meta-up\">\r\n\t\t\t\t\t<span class=\"psacp-post-meta-data psacp-post-author\"><i class=\"psacp-fa fa-solid fa-user\"><\/i>Birgit Korte<\/span>\t\t\t\t<\/div>\r\n\t\t\t\t\t\t\t<\/div>\r\n\t\t<\/div>\r\n\r\n\t\t\t<\/div>\r\n<\/div><div class=\"psacp-post-slide psacp-post-2728 psacp-post-standard psacp-has-thumb\">\r\n\t<div class=\"psacp-post-carousel-content\">\r\n\t\t<div class=\"psacp-post-img-bg\" style=\"background-image:url(https:\/\/doku-harxheim.de\/wp-content\/uploads\/2022\/06\/CHR-ORT-17-thumb.jpg);\">\r\n\t\t\t<a class=\"psacp-post-linkoverlay\" href=\"https:\/\/doku-harxheim.de\/en\/archaeological-finds-in-harxheim\"><\/a>\r\n\t\t\t<div class=\"psacp-post-overlay\">\r\n\t\t\t\t\t\t\t\t<h2 class=\"psacp-post-title\">\r\n\t\t\t\t\t<a href=\"https:\/\/doku-harxheim.de\/en\/archaeological-finds-in-harxheim\">Archaeological finds in Harxheim<\/a>\r\n\t\t\t\t<\/h2>\r\n\r\n\t\t\t\t\t\t\t\t<div class=\"psacp-post-meta psacp-post-meta-up\">\r\n\t\t\t\t\t<span class=\"psacp-post-meta-data psacp-post-author\"><i class=\"psacp-fa fa-solid fa-user\"><\/i>Birgit Korte<\/span>\t\t\t\t<\/div>\r\n\t\t\t\t\t\t\t<\/div>\r\n\t\t<\/div>\r\n\r\n\t\t\t<\/div>\r\n<\/div><div class=\"psacp-post-slide psacp-post-2679 psacp-post-standard psacp-has-thumb\">\r\n\t<div class=\"psacp-post-carousel-content\">\r\n\t\t<div class=\"psacp-post-img-bg\" style=\"background-image:url(https:\/\/doku-harxheim.de\/wp-content\/uploads\/2022\/08\/CHR-Ort-01-Thumb.jpg);\">\r\n\t\t\t<a class=\"psacp-post-linkoverlay\" href=\"https:\/\/doku-harxheim.de\/en\/register-of-local-citizens-from-1837-to-1887-citizenship-in-the-19th-century\"><\/a>\r\n\t\t\t<div class=\"psacp-post-overlay\">\r\n\t\t\t\t\t\t\t\t<h2 class=\"psacp-post-title\">\r\n\t\t\t\t\t<a href=\"https:\/\/doku-harxheim.de\/en\/register-of-local-citizens-from-1837-to-1887-citizenship-in-the-19th-century\">Register of local citizens from 1837 to 1887 &#8211; Citizenship in the 19th century<\/a>\r\n\t\t\t\t<\/h2>\r\n\r\n\t\t\t\t\t\t\t\t<div class=\"psacp-post-meta psacp-post-meta-up\">\r\n\t\t\t\t\t<span class=\"psacp-post-meta-data psacp-post-author\"><i class=\"psacp-fa fa-solid fa-user\"><\/i>Bernhard Marschall<\/span>\t\t\t\t<\/div>\r\n\t\t\t\t\t\t\t<\/div>\r\n\t\t<\/div>\r\n\r\n\t\t\t<\/div>\r\n<\/div><div class=\"psacp-post-slide psacp-post-8312 psacp-post-standard psacp-has-thumb\">\r\n\t<div class=\"psacp-post-carousel-content\">\r\n\t\t<div class=\"psacp-post-img-bg\" style=\"background-image:url(https:\/\/doku-harxheim.de\/wp-content\/uploads\/2023\/05\/CHR-ORT-02-thumb.jpg);\">\r\n\t\t\t<a class=\"psacp-post-linkoverlay\" href=\"https:\/\/doku-harxheim.de\/en\/harxheim-emigrants-in-the-18-and-19th-century\"><\/a>\r\n\t\t\t<div class=\"psacp-post-overlay\">\r\n\t\t\t\t\t\t\t\t<h2 class=\"psacp-post-title\">\r\n\t\t\t\t\t<a href=\"https:\/\/doku-harxheim.de\/en\/harxheim-emigrants-in-the-18-and-19th-century\">Harxheim emigrants in the 18. and 19th century<\/a>\r\n\t\t\t\t<\/h2>\r\n\r\n\t\t\t\t\t\t\t\t<div class=\"psacp-post-meta psacp-post-meta-up\">\r\n\t\t\t\t\t<span class=\"psacp-post-meta-data psacp-post-author\"><i class=\"psacp-fa fa-solid fa-user\"><\/i>Dorothea Kerzan<\/span>\t\t\t\t<\/div>\r\n\t\t\t\t\t\t\t<\/div>\r\n\t\t<\/div>\r\n\r\n\t\t\t<\/div>\r\n<\/div><div class=\"psacp-post-slide psacp-post-4550 psacp-post-standard psacp-has-thumb\">\r\n\t<div class=\"psacp-post-carousel-content\">\r\n\t\t<div class=\"psacp-post-img-bg\" style=\"background-image:url(https:\/\/doku-harxheim.de\/wp-content\/uploads\/2022\/11\/CHr-ORT-28-thumb.jpg);\">\r\n\t\t\t<a class=\"psacp-post-linkoverlay\" href=\"https:\/\/doku-harxheim.de\/en\/das-kriegerdenkmal\"><\/a>\r\n\t\t\t<div class=\"psacp-post-overlay\">\r\n\t\t\t\t\t\t\t\t<h2 class=\"psacp-post-title\">\r\n\t\t\t\t\t<a href=\"https:\/\/doku-harxheim.de\/en\/das-kriegerdenkmal\">The war memorial &#8211; memorial column in memory of the Franco-Prussian War of 1870\/71<\/a>\r\n\t\t\t\t<\/h2>\r\n\r\n\t\t\t\t\t\t\t\t<div class=\"psacp-post-meta psacp-post-meta-up\">\r\n\t\t\t\t\t<span class=\"psacp-post-meta-data psacp-post-author\"><i class=\"psacp-fa fa-solid fa-user\"><\/i>Siegfried Schaefer<\/span>\t\t\t\t<\/div>\r\n\t\t\t\t\t\t\t<\/div>\r\n\t\t<\/div>\r\n\r\n\t\t\t<\/div>\r\n<\/div><div class=\"psacp-post-slide psacp-post-2654 psacp-post-standard psacp-has-thumb\">\r\n\t<div class=\"psacp-post-carousel-content\">\r\n\t\t<div class=\"psacp-post-img-bg\" style=\"background-image:url(https:\/\/doku-harxheim.de\/wp-content\/uploads\/2022\/11\/CHr-ORT-20-thumb.jpg);\">\r\n\t\t\t<a class=\"psacp-post-linkoverlay\" href=\"https:\/\/doku-harxheim.de\/en\/johannes-wuerth-pastor-and-chronicler\"><\/a>\r\n\t\t\t<div class=\"psacp-post-overlay\">\r\n\t\t\t\t\t\t\t\t<h2 class=\"psacp-post-title\">\r\n\t\t\t\t\t<a href=\"https:\/\/doku-harxheim.de\/en\/johannes-wuerth-pastor-and-chronicler\">Johannes W\u00fcrth &#8211; pastor and chronicler<\/a>\r\n\t\t\t\t<\/h2>\r\n\r\n\t\t\t\t\t\t\t\t<div class=\"psacp-post-meta psacp-post-meta-up\">\r\n\t\t\t\t\t<span class=\"psacp-post-meta-data psacp-post-author\"><i class=\"psacp-fa fa-solid fa-user\"><\/i>Birgit Korte<\/span>\t\t\t\t<\/div>\r\n\t\t\t\t\t\t\t<\/div>\r\n\t\t<\/div>\r\n\r\n\t\t\t<\/div>\r\n<\/div><div class=\"psacp-post-slide psacp-post-4089 psacp-post-standard psacp-has-thumb\">\r\n\t<div class=\"psacp-post-carousel-content\">\r\n\t\t<div class=\"psacp-post-img-bg\" style=\"background-image:url(https:\/\/doku-harxheim.de\/wp-content\/uploads\/2022\/11\/HGE-01-B4-Das-Wahrzeichen-von-Harxheim.png);\">\r\n\t\t\t<a class=\"psacp-post-linkoverlay\" href=\"https:\/\/doku-harxheim.de\/en\/the-landmark-of-harxheim\"><\/a>\r\n\t\t\t<div class=\"psacp-post-overlay\">\r\n\t\t\t\t\t\t\t\t<h2 class=\"psacp-post-title\">\r\n\t\t\t\t\t<a href=\"https:\/\/doku-harxheim.de\/en\/the-landmark-of-harxheim\">The landmark of Harxheim<\/a>\r\n\t\t\t\t<\/h2>\r\n\r\n\t\t\t\t\t\t\t\t<div class=\"psacp-post-meta psacp-post-meta-up\">\r\n\t\t\t\t\t<span class=\"psacp-post-meta-data psacp-post-author\"><i class=\"psacp-fa fa-solid fa-user\"><\/i>Tanja Re\u00dfler<\/span>\t\t\t\t<\/div>\r\n\t\t\t\t\t\t\t<\/div>\r\n\t\t<\/div>\r\n\r\n\t\t\t<\/div>\r\n<\/div><div class=\"psacp-post-slide psacp-post-8855 psacp-post-standard psacp-has-thumb\">\r\n\t<div class=\"psacp-post-carousel-content\">\r\n\t\t<div class=\"psacp-post-img-bg\" style=\"background-image:url(https:\/\/doku-harxheim.de\/wp-content\/uploads\/2022\/08\/CHR-Ort-01-B1-Das-Harxheimer-Ortswappen.jpg);\">\r\n\t\t\t<a class=\"psacp-post-linkoverlay\" href=\"https:\/\/doku-harxheim.de\/en\/local-mayor-since-1849\"><\/a>\r\n\t\t\t<div class=\"psacp-post-overlay\">\r\n\t\t\t\t\t\t\t\t<h2 class=\"psacp-post-title\">\r\n\t\t\t\t\t<a href=\"https:\/\/doku-harxheim.de\/en\/local-mayor-since-1849\">Local mayor since 1849<\/a>\r\n\t\t\t\t<\/h2>\r\n\r\n\t\t\t\t\t\t\t\t<div class=\"psacp-post-meta psacp-post-meta-up\">\r\n\t\t\t\t\t<span class=\"psacp-post-meta-data psacp-post-author\"><i class=\"psacp-fa fa-solid fa-user\"><\/i>HVV Harxheim<\/span>\t\t\t\t<\/div>\r\n\t\t\t\t\t\t\t<\/div>\r\n\t\t<\/div>\r\n\r\n\t\t\t<\/div>\r\n<\/div><div class=\"psacp-post-slide psacp-post-4452 psacp-post-standard psacp-has-thumb\">\r\n\t<div class=\"psacp-post-carousel-content\">\r\n\t\t<div class=\"psacp-post-img-bg\" style=\"background-image:url(https:\/\/doku-harxheim.de\/wp-content\/uploads\/2023\/03\/CHR-ORT-26-thumb.jpg);\">\r\n\t\t\t<a class=\"psacp-post-linkoverlay\" href=\"https:\/\/doku-harxheim.de\/en\/harxheimer-adressenliste-von-1906\"><\/a>\r\n\t\t\t<div class=\"psacp-post-overlay\">\r\n\t\t\t\t\t\t\t\t<h2 class=\"psacp-post-title\">\r\n\t\t\t\t\t<a href=\"https:\/\/doku-harxheim.de\/en\/harxheimer-adressenliste-von-1906\">Harxheim address list from 1906<\/a>\r\n\t\t\t\t<\/h2>\r\n\r\n\t\t\t\t\t\t\t\t<div class=\"psacp-post-meta psacp-post-meta-up\">\r\n\t\t\t\t\t<span class=\"psacp-post-meta-data psacp-post-author\"><i class=\"psacp-fa fa-solid fa-user\"><\/i>Birgit Korte<\/span>\t\t\t\t<\/div>\r\n\t\t\t\t\t\t\t<\/div>\r\n\t\t<\/div>\r\n\r\n\t\t\t<\/div>\r\n<\/div><div class=\"psacp-post-slide psacp-post-4131 psacp-post-standard psacp-has-thumb\">\r\n\t<div class=\"psacp-post-carousel-content\">\r\n\t\t<div class=\"psacp-post-img-bg\" style=\"background-image:url(https:\/\/doku-harxheim.de\/wp-content\/uploads\/2023\/03\/HGE-02-B6-scaled.jpg);\">\r\n\t\t\t<a class=\"psacp-post-linkoverlay\" href=\"https:\/\/doku-harxheim.de\/en\/weinbau-in-harxheim-weinlese-in-fruheren-zeiten\"><\/a>\r\n\t\t\t<div class=\"psacp-post-overlay\">\r\n\t\t\t\t\t\t\t\t<h2 class=\"psacp-post-title\">\r\n\t\t\t\t\t<a href=\"https:\/\/doku-harxheim.de\/en\/weinbau-in-harxheim-weinlese-in-fruheren-zeiten\">Viticulture in Harxheim &#8211; grape harvest in former times<\/a>\r\n\t\t\t\t<\/h2>\r\n\r\n\t\t\t\t\t\t\t\t<div class=\"psacp-post-meta psacp-post-meta-up\">\r\n\t\t\t\t\t<span class=\"psacp-post-meta-data psacp-post-author\"><i class=\"psacp-fa fa-solid fa-user\"><\/i>Tanja Re\u00dfler<\/span>\t\t\t\t<\/div>\r\n\t\t\t\t\t\t\t<\/div>\r\n\t\t<\/div>\r\n\r\n\t\t\t<\/div>\r\n<\/div><div class=\"psacp-post-slide psacp-post-8915 psacp-post-standard psacp-has-thumb\">\r\n\t<div class=\"psacp-post-carousel-content\">\r\n\t\t<div class=\"psacp-post-img-bg\" style=\"background-image:url(https:\/\/doku-harxheim.de\/wp-content\/uploads\/2023\/03\/CHR-ECO-01-x-Thumb.jpg);\">\r\n\t\t\t<a class=\"psacp-post-linkoverlay\" href=\"https:\/\/doku-harxheim.de\/en\/economic-center-old-hashem\"><\/a>\r\n\t\t\t<div class=\"psacp-post-overlay\">\r\n\t\t\t\t\t\t\t\t<h2 class=\"psacp-post-title\">\r\n\t\t\t\t\t<a href=\"https:\/\/doku-harxheim.de\/en\/economic-center-old-hashem\">Economic center &#8220;Old Hashem&#8221;<\/a>\r\n\t\t\t\t<\/h2>\r\n\r\n\t\t\t\t\t\t\t\t<div class=\"psacp-post-meta psacp-post-meta-up\">\r\n\t\t\t\t\t<span class=\"psacp-post-meta-data psacp-post-author\"><i class=\"psacp-fa fa-solid fa-user\"><\/i>Tanja Re\u00dfler<\/span>\t\t\t\t<\/div>\r\n\t\t\t\t\t\t\t<\/div>\r\n\t\t<\/div>\r\n\r\n\t\t\t<\/div>\r\n<\/div><div class=\"psacp-post-slide psacp-post-4385 psacp-post-standard psacp-has-thumb\">\r\n\t<div class=\"psacp-post-carousel-content\">\r\n\t\t<div class=\"psacp-post-img-bg\" style=\"background-image:url(https:\/\/doku-harxheim.de\/wp-content\/uploads\/2023\/03\/CHR-WAR-02-c-thumb-2.jpg);\">\r\n\t\t\t<a class=\"psacp-post-linkoverlay\" href=\"https:\/\/doku-harxheim.de\/en\/judische-bevolkerung-in-harxheim\"><\/a>\r\n\t\t\t<div class=\"psacp-post-overlay\">\r\n\t\t\t\t\t\t\t\t<h2 class=\"psacp-post-title\">\r\n\t\t\t\t\t<a href=\"https:\/\/doku-harxheim.de\/en\/judische-bevolkerung-in-harxheim\">Jewish population in Harxheim<\/a>\r\n\t\t\t\t<\/h2>\r\n\r\n\t\t\t\t\t\t\t\t<div class=\"psacp-post-meta psacp-post-meta-up\">\r\n\t\t\t\t\t<span class=\"psacp-post-meta-data psacp-post-author\"><i class=\"psacp-fa fa-solid fa-user\"><\/i>Siegfried Schaefer<\/span>\t\t\t\t<\/div>\r\n\t\t\t\t\t\t\t<\/div>\r\n\t\t<\/div>\r\n\r\n\t\t\t<\/div>\r\n<\/div><div class=\"psacp-post-slide psacp-post-5778 psacp-post-standard psacp-has-thumb\">\r\n\t<div class=\"psacp-post-carousel-content\">\r\n\t\t<div class=\"psacp-post-img-bg\" style=\"background-image:url(https:\/\/doku-harxheim.de\/wp-content\/uploads\/2023\/03\/POI-20-und-21-B6-Lambinet-scaled.jpg);\">\r\n\t\t\t<a class=\"psacp-post-linkoverlay\" href=\"https:\/\/doku-harxheim.de\/en\/familie-lambinet-in-harxheim\"><\/a>\r\n\t\t\t<div class=\"psacp-post-overlay\">\r\n\t\t\t\t\t\t\t\t<h2 class=\"psacp-post-title\">\r\n\t\t\t\t\t<a href=\"https:\/\/doku-harxheim.de\/en\/familie-lambinet-in-harxheim\">Lambinet family in Harxheim<\/a>\r\n\t\t\t\t<\/h2>\r\n\r\n\t\t\t\t\t\t\t\t<div class=\"psacp-post-meta psacp-post-meta-up\">\r\n\t\t\t\t\t<span class=\"psacp-post-meta-data psacp-post-author\"><i class=\"psacp-fa fa-solid fa-user\"><\/i>Birgit Korte<\/span>\t\t\t\t<\/div>\r\n\t\t\t\t\t\t\t<\/div>\r\n\t\t<\/div>\r\n\r\n\t\t\t<\/div>\r\n<\/div><div class=\"psacp-post-slide psacp-post-4266 psacp-post-standard psacp-has-thumb\">\r\n\t<div class=\"psacp-post-carousel-content\">\r\n\t\t<div class=\"psacp-post-img-bg\" style=\"background-image:url(https:\/\/doku-harxheim.de\/wp-content\/uploads\/2023\/03\/HGE-10-BX-Stamp.jpg);\">\r\n\t\t\t<a class=\"psacp-post-linkoverlay\" href=\"https:\/\/doku-harxheim.de\/en\/harxheimer-lied\"><\/a>\r\n\t\t\t<div class=\"psacp-post-overlay\">\r\n\t\t\t\t\t\t\t\t<h2 class=\"psacp-post-title\">\r\n\t\t\t\t\t<a href=\"https:\/\/doku-harxheim.de\/en\/harxheimer-lied\">Harxheimer song<\/a>\r\n\t\t\t\t<\/h2>\r\n\r\n\t\t\t\t\t\t\t\t<div class=\"psacp-post-meta psacp-post-meta-up\">\r\n\t\t\t\t\t<span class=\"psacp-post-meta-data psacp-post-author\"><i class=\"psacp-fa fa-solid fa-user\"><\/i>Joachim Geiberger<\/span>\t\t\t\t<\/div>\r\n\t\t\t\t\t\t\t<\/div>\r\n\t\t<\/div>\r\n\r\n\t\t\t<\/div>\r\n<\/div><div class=\"psacp-post-slide psacp-post-5972 psacp-post-standard psacp-has-thumb\">\r\n\t<div class=\"psacp-post-carousel-content\">\r\n\t\t<div class=\"psacp-post-img-bg\" style=\"background-image:url(https:\/\/doku-harxheim.de\/wp-content\/uploads\/2023\/03\/CHr-WAR-02-b7-Beitragsbild-Moritz-Fritz-Mayer.jpg);\">\r\n\t\t\t<a class=\"psacp-post-linkoverlay\" href=\"https:\/\/doku-harxheim.de\/en\/jewish-life-in-harxheim-fritz-mayer\"><\/a>\r\n\t\t\t<div class=\"psacp-post-overlay\">\r\n\t\t\t\t\t\t\t\t<h2 class=\"psacp-post-title\">\r\n\t\t\t\t\t<a href=\"https:\/\/doku-harxheim.de\/en\/jewish-life-in-harxheim-fritz-mayer\">Jewish life in Harxheim: Fritz Mayer<\/a>\r\n\t\t\t\t<\/h2>\r\n\r\n\t\t\t\t\t\t\t\t<div class=\"psacp-post-meta psacp-post-meta-up\">\r\n\t\t\t\t\t<span class=\"psacp-post-meta-data psacp-post-author\"><i class=\"psacp-fa fa-solid fa-user\"><\/i>Siegfried Schaefer<\/span>\t\t\t\t<\/div>\r\n\t\t\t\t\t\t\t<\/div>\r\n\t\t<\/div>\r\n\r\n\t\t\t<\/div>\r\n<\/div><div class=\"psacp-post-slide psacp-post-5936 psacp-post-standard psacp-has-thumb\">\r\n\t<div class=\"psacp-post-carousel-content\">\r\n\t\t<div class=\"psacp-post-img-bg\" style=\"background-image:url(https:\/\/doku-harxheim.de\/wp-content\/uploads\/2023\/03\/CHR-WAR-02-b5-B1-1968-Thomas-Judith-Fritz-Peter-Mayer.jpg);\">\r\n\t\t\t<a class=\"psacp-post-linkoverlay\" href=\"https:\/\/doku-harxheim.de\/en\/jewish-life-in-harxheim-judith-mayer\"><\/a>\r\n\t\t\t<div class=\"psacp-post-overlay\">\r\n\t\t\t\t\t\t\t\t<h2 class=\"psacp-post-title\">\r\n\t\t\t\t\t<a href=\"https:\/\/doku-harxheim.de\/en\/jewish-life-in-harxheim-judith-mayer\">Jewish life in Harxheim: Judith Mayer<\/a>\r\n\t\t\t\t<\/h2>\r\n\r\n\t\t\t\t\t\t\t\t<div class=\"psacp-post-meta psacp-post-meta-up\">\r\n\t\t\t\t\t<span class=\"psacp-post-meta-data psacp-post-author\"><i class=\"psacp-fa fa-solid fa-user\"><\/i>Siegfried Schaefer<\/span>\t\t\t\t<\/div>\r\n\t\t\t\t\t\t\t<\/div>\r\n\t\t<\/div>\r\n\r\n\t\t\t<\/div>\r\n<\/div><div class=\"psacp-post-slide psacp-post-5917 psacp-post-standard psacp-has-thumb\">\r\n\t<div class=\"psacp-post-carousel-content\">\r\n\t\t<div class=\"psacp-post-img-bg\" style=\"background-image:url(https:\/\/doku-harxheim.de\/wp-content\/uploads\/2023\/03\/CHR-WAR-02b-Johanna-u.-Herta-Mayer-Schule-HX-ca.-1920.jpg);\">\r\n\t\t\t<a class=\"psacp-post-linkoverlay\" href=\"https:\/\/doku-harxheim.de\/en\/jewish-life-in-harxheim-johanna-mayer\"><\/a>\r\n\t\t\t<div class=\"psacp-post-overlay\">\r\n\t\t\t\t\t\t\t\t<h2 class=\"psacp-post-title\">\r\n\t\t\t\t\t<a href=\"https:\/\/doku-harxheim.de\/en\/jewish-life-in-harxheim-johanna-mayer\">Jewish life in Harxheim: Johanna Mayer<\/a>\r\n\t\t\t\t<\/h2>\r\n\r\n\t\t\t\t\t\t\t\t<div class=\"psacp-post-meta psacp-post-meta-up\">\r\n\t\t\t\t\t<span class=\"psacp-post-meta-data psacp-post-author\"><i class=\"psacp-fa fa-solid fa-user\"><\/i>Siegfried Schaefer<\/span>\t\t\t\t<\/div>\r\n\t\t\t\t\t\t\t<\/div>\r\n\t\t<\/div>\r\n\r\n\t\t\t<\/div>\r\n<\/div><\/div>\n<p>[\/et_pb_text][\/et_pb_column][\/et_pb_row][\/et_pb_section]<\/p>\n","protected":false},"excerpt":{"rendered":"<p>Johanna Mayer was born in Harxheim on June 9, 1909. She spent her school years in Harxheim and Mainz.Harxheim elementary school, ca. 1920, grades 1910 to 1913. Herta (1913, 2nd row, 3rd from right) and Johanna (1910, 3rd row, 3rd from right, with hands on Herta&#8217;s shoulders).Image source: Collection R\u00fcdiger GottwaldShe lived with her mother [&hellip;]<\/p>\n","protected":false},"author":3,"featured_media":2181,"comment_status":"closed","ping_status":"closed","sticky":false,"template":"","format":"standard","meta":{"_et_pb_use_builder":"on","_et_pb_old_content":"","_et_gb_content_width":"","footnotes":""},"categories":[23],"tags":[],"class_list":["post-4153","post","type-post","status-publish","format-standard","has-post-thumbnail","hentry","category-harxheimer-points-of-interest"],"_links":{"self":[{"href":"https:\/\/doku-harxheim.de\/en\/wp-json\/wp\/v2\/posts\/4153","targetHints":{"allow":["GET"]}}],"collection":[{"href":"https:\/\/doku-harxheim.de\/en\/wp-json\/wp\/v2\/posts"}],"about":[{"href":"https:\/\/doku-harxheim.de\/en\/wp-json\/wp\/v2\/types\/post"}],"author":[{"embeddable":true,"href":"https:\/\/doku-harxheim.de\/en\/wp-json\/wp\/v2\/users\/3"}],"replies":[{"embeddable":true,"href":"https:\/\/doku-harxheim.de\/en\/wp-json\/wp\/v2\/comments?post=4153"}],"version-history":[{"count":14,"href":"https:\/\/doku-harxheim.de\/en\/wp-json\/wp\/v2\/posts\/4153\/revisions"}],"predecessor-version":[{"id":8205,"href":"https:\/\/doku-harxheim.de\/en\/wp-json\/wp\/v2\/posts\/4153\/revisions\/8205"}],"wp:featuredmedia":[{"embeddable":true,"href":"https:\/\/doku-harxheim.de\/en\/wp-json\/wp\/v2\/media\/2181"}],"wp:attachment":[{"href":"https:\/\/doku-harxheim.de\/en\/wp-json\/wp\/v2\/media?parent=4153"}],"wp:term":[{"taxonomy":"category","embeddable":true,"href":"https:\/\/doku-harxheim.de\/en\/wp-json\/wp\/v2\/categories?post=4153"},{"taxonomy":"post_tag","embeddable":true,"href":"https:\/\/doku-harxheim.de\/en\/wp-json\/wp\/v2\/tags?post=4153"}],"curies":[{"name":"wp","href":"https:\/\/api.w.org\/{rel}","templated":true}]}}